{"id":100,"date":"2018-10-28T12:23:00","date_gmt":"2018-10-28T12:23:00","guid":{"rendered":"http:\/\/egecep.org.tr\/?p=100"},"modified":"2022-10-20T12:22:01","modified_gmt":"2022-10-20T12:22:01","slug":"100","status":"publish","type":"post","link":"https:\/\/egecep.org.tr\/index.php\/2018\/10\/28\/100\/","title":{"rendered":"Menderes Olmazsa\u2026"},"content":{"rendered":"\n<figure class=\"wp-block-image\"><img decoding=\"async\" src=\"https:\/\/web.archive.org\/web\/20201125072709im_\/http:\/\/www.egecep.org.tr\/wp-content\/uploads\/2018\/11\/44729784_10155892799716769_8562366094575140864_n-800x445.jpg\" alt=\"\"\/><\/figure>\n\n\n\n<figure class=\"wp-block-image\"><img decoding=\"async\" src=\"https:\/\/web.archive.org\/web\/20201125072709im_\/https:\/\/www.evrensel.net\/upload\/yazar\/cache\/200x200\/yazar_57315a52a9499ab50387edaf0ff05a375f572603.jpg\" alt=\"\u00d6zer AKDEM\u0130R\"\/><figcaption>\u00d6zer Akdemir<\/figcaption><\/figure>\n\n\n\n<p>Tepekule Kongre Merkezi teras kat\u0131ndaki kafenin a\u00e7\u0131lan kap\u0131s\u0131ndan i\u00e7eriye 60-65 ya\u015flar\u0131nda g\u00f6steren koyu renk tak\u0131m elbiseli adamla birlikte serince bir r\u00fczgar da girdi. Elinde ceza avukatlar\u0131n\u0131n, as\u0131k suratl\u0131 muhasebecilerin ya da \u2018k\u00fc\u00e7\u00fck da\u011flar\u0131 ben yaratt\u0131m\u2019 edas\u0131yla kas\u0131nt\u0131l\u0131 kas\u0131nt\u0131l\u0131 y\u00fcr\u00fcyen b\u00fcrokratlar\u0131n kulland\u0131\u011f\u0131 t\u00fcrden siyah deri bir evrak \u00e7anta vard\u0131.&nbsp; Koltu\u011funun alt\u0131nda da iri bir dosya g\u00f6r\u00fcn\u00fcyordu.<\/p>\n\n\n\n<p>Sabah g\u00fcn do\u011fmadan ba\u015flayan alt\u0131 saatlik yolculu\u011fun ard\u0131ndan \u00f6\u011fle \u00fczeri randevu vaktine epey bir zaman kala Tepekule\u2019ye gelen adam, demli bir \u00e7ay alarak terasa \u00e7\u0131kt\u0131. \u00d6n\u00fcnde uzanan k\u00f6rfezin manzaras\u0131na dal\u0131p gitti uzun zaman. G\u00fcne\u015fli ama serin bir hava vard\u0131 \u0130zmir\u2019de. Denizin \u00fczerine ince, beyaz bir pus \u00e7\u00f6km\u00fc\u015ft\u00fc. K\u00f6rfez, g\u00fcne\u015fin yo\u011fun \u0131\u015f\u0131klar\u0131 alt\u0131nda insan\u0131n g\u00f6z\u00fcn\u00fc k\u0131smak zorunda b\u0131rakacak derecede parl\u0131yordu. Kar\u015f\u0131yaka\u2019dan Alsancak\u2019a do\u011fru giden yolcu vapurunun pe\u015fine tak\u0131lm\u0131\u015f mart\u0131lar\u0131 bile g\u00f6rebiliyordu bulundu\u011fu yerden. Mart\u0131lar \u00e7\u0131\u011fl\u0131k \u00e7\u0131\u011fl\u0131\u011fa bir ya\u015fam tela\u015f\u0131 i\u00e7indeydiler.<\/p>\n\n\n\n<p>Daha iki saat kadar vard\u0131 randevuya. Binadan \u00e7\u0131k\u0131p, hemen geni\u015f bulvar\u0131n kar\u015f\u0131s\u0131nda g\u00f6r\u00fcnen sahile do\u011fru y\u00fcr\u00fcd\u00fc. Denize yak\u0131n olmak, ondan yay\u0131lan iyot ve yosun kokusunu i\u00e7ine \u00e7ekmek istedi. Mart\u0131lara atmak i\u00e7in de yol \u00fczerinde bulunan, kenarlar\u0131na alt\u0131n sar\u0131s\u0131na boyanm\u0131\u015f pirin\u00e7ten g\u00fcller i\u015flenmi\u015f, k\u0131rm\u0131z\u0131 renkli seyyar b\u00fcfeden gevrek almay\u0131 unutmad\u0131. Sat\u0131c\u0131ya k\u0131rk y\u0131ll\u0131k \u0130zmirli gibi \u201cgevrek verir misin?\u201d dedi, g\u00fcl\u00fcmseyerek.<\/p>\n\n\n\n<p>Randevu saatinde Tepekule\u2019ye tekrar d\u00f6n\u00fcp kendisini kafeteryada bekleyen EGE\u00c7EP\u2019lilerle bulu\u015fan Afyon Dinar\u2019l\u0131 Mevl\u00fct Er, epeyce yorgun g\u00f6r\u00fcn\u00fcyordu. Tan\u0131\u015fma, ho\u015f be\u015fin ard\u0131ndan \u00e7antas\u0131ndaki evraklar\u0131 teker teker \u00e7\u0131kard\u0131. \u00c7o\u011fu sararm\u0131\u015f dosyalar, bir k\u0131sm\u0131n\u0131n u\u00e7lar\u0131 y\u0131llar i\u00e7erisinde zamana yenik d\u00fc\u015ferek k\u0131vr\u0131lm\u0131\u015f olan kal\u0131n klas\u00f6rlerde gazete kup\u00fcrleri, 20 y\u0131l \u00f6ncesinin Atlas Dergisi ve bir d\u00fczine kadar mahkeme tutanaklar\u0131 \u00e7\u0131kt\u0131 \u00e7antadan.<\/p>\n\n\n\n<p>\u201cSabah 6 da yola d\u00fc\u015ft\u00fcm\u201d dedi. Kendi arac\u0131yla a\u011f\u0131r a\u011f\u0131r geldi\u011fini ve bug\u00fcn de tekrar d\u00f6nmesi gerekti\u011fini s\u00f6yledi. Daha konu\u015fman\u0131n ba\u015flar\u0131nda \u201cBen 40 y\u0131ld\u0131r eczac\u0131y\u0131m ama ayn\u0131 zamanda bir partinin de il\u00e7e ba\u015fkanl\u0131\u011f\u0131n\u0131 y\u00fcr\u00fct\u00fcyorum. Bunu a\u00e7\u0131k\u00e7a s\u00f6yleyeyim ki yanl\u0131\u015f anla\u015f\u0131lma olmas\u0131n sonras\u0131nda. Ama bu kimli\u011fimle gelmedim buraya. Gelecek i\u00e7in, \u00e7olu\u011fu \u00e7ocu\u011fu i\u00e7in, memleketim Dinar\u2019\u0131n oldu\u011fu kadar t\u00fcm Ege i\u00e7in endi\u015felenen bir yurtta\u015f olarak geldim\u201d dedi. Biraz sonra anlatt\u0131\u011f\u0131 \u015feyler endi\u015fesinde ne kadar da hakl\u0131 oldu\u011funu g\u00f6steriyordu.<\/p>\n\n\n\n<p>\u00d6nlerden d\u00f6k\u00fclm\u00fc\u015f olan sa\u00e7\u0131n\u0131n ve b\u0131y\u0131\u011f\u0131n\u0131n neredeyse tamam\u0131 k\u0131rla\u015fm\u0131\u015ft\u0131. Yorgunluktan k\u0131zarm\u0131\u015f g\u00f6zlerindeki endi\u015fe bak\u0131\u015flar\u0131na, g\u00f6z kenarlar\u0131ndaki \u00e7izgilere yans\u0131m\u0131\u015ft\u0131. Demli bir \u00e7ay daha s\u00f6yleyip arkas\u0131na yaslanarak anlatmaya ba\u015flad\u0131; \u201cHerkes Menderes\u2019in kirlili\u011finden \u015fikayet ediyor, bu kirlili\u011fe kar\u015f\u0131 \u00e7\u00f6z\u00fcm yolu ar\u0131yor ya. \u015eimdi yak\u0131nda buna gerek kalmayacak. \u00c7\u00fcnk\u00fc Menderes diye bir nehir olmayacak!\u201d dedi.<\/p>\n\n\n\n<figure class=\"wp-block-image\"><img decoding=\"async\" src=\"https:\/\/web.archive.org\/web\/20201125072709im_\/https:\/\/www.evrensel.net\/upload\/dosya\/121704.jpg\" alt=\"\"\/><\/figure>\n\n\n\n<p>S\u00f6zlerinin yaratt\u0131\u011f\u0131 etkiyi g\u00f6rmek i\u00e7in olsa gerek, bir s\u00fcre i\u00e7in susup kar\u015f\u0131s\u0131ndakilerin y\u00fczlerine bakt\u0131. \u015ea\u015fk\u0131n bak\u0131\u015flardaki merak onu tatmin etmi\u015f olacak ki amac\u0131na ula\u015fm\u0131\u015f birinin ses tonu ile devam etti; \u201cEvet, Menderes yak\u0131nda tarih olabilir. \u00c7\u00fcnk\u00fc tam do\u011fdu\u011fu yere,&nbsp; Eldere\u2019ye, T\u00fcrkiye\u2019nin en b\u00fcy\u00fck termik santrallerinden birini yapmak istiyorlar. Hem de koruma alt\u0131nda bulunan Karakuyu g\u00f6l\u00fcn\u00fcn yan\u0131 ba\u015f\u0131na!\u201d<\/p>\n\n\n\n<p>Atlas Dergisinin Nisan 1994 tarihli say\u0131s\u0131nda yer alan Karakuyu g\u00f6l\u00fc foto\u011fraflar\u0131n\u0131 g\u00f6sterdi herkese teker teker. Arkada karl\u0131 da\u011flar, \u00f6nde sazl\u0131klarla kapl\u0131 geni\u015f bir g\u00f6l ve sakince suyun \u00fczerinde duran kay\u0131klar vard\u0131 bir foto\u011frafta. Bir ba\u015fkas\u0131nda all\u0131 turnalar batan g\u00fcne\u015fin k\u0131z\u0131lla\u015ft\u0131rd\u0131\u011f\u0131 boyunlar\u0131n\u0131 g\u00f6l\u00fcn nefti sular\u0131na do\u011fru uzatm\u0131\u015flard\u0131. Uzun, k\u0131vr\u0131k gagalar\u0131 suyun i\u00e7indeydi.<\/p>\n\n\n\n<p>En son g\u00f6sterdi\u011fi foto\u011fraf ise bamba\u015fkayd\u0131. Su yoktu, k\u0131ra\u00e7 bir arazide biten bozk\u0131r bitkileri ile kapl\u0131 upuzun bir d\u00fczl\u00fck uzay\u0131p gidiyordu da\u011flara do\u011fru. Biraz \u00f6nce g\u00f6sterdi\u011fi foto\u011fraflarda, g\u00f6\u00e7men ku\u015flar\u0131n keyifle gezdikleri g\u00f6l\u00fcn nerdeyse kurumu\u015f yata\u011f\u0131yd\u0131 buras\u0131\u2026<\/p>\n\n\n\n<p>Sonra daktilo ile yaz\u0131lm\u0131\u015f bir resmi yaz\u0131 g\u00f6sterdi. Fotokopi ka\u011f\u0131d\u0131 sararm\u0131\u015ft\u0131. \u201cHer \u015fey S\u00fcleyman Demirel\u2019in memleketi Ke\u00e7iborlu\u2019ya g\u00f6lden su g\u00f6t\u00fcr\u00fclmesi ile ba\u015flad\u0131. G\u00f6l\u00fcn sular\u0131 zamanla tarlalar\u0131n sulanmas\u0131 i\u00e7in binlerce kuyu a\u00e7\u0131lmas\u0131 sonras\u0131nda da azald\u0131 ve art\u0131k bir avu\u00e7 kald\u0131. Ama b\u00fct\u00fcn bunlardan \u00f6te Menderes\u2019in ana kayna\u011f\u0131 Su\u00e7\u0131kan\u2019\u0131n dibine yap\u0131lmak istenen termik santral bir karabasan gibi. G\u00fcnde \u00fc\u00e7 bin ton su kullan\u0131lacak. Menderes\u2019in kayna\u011f\u0131ndaki t\u00fcm sular\u0131 yutacak, kirletecek. Bu Dombay\u2019dan S\u00f6ke Ovas\u0131na kadar Menderes\u2019in sulad\u0131\u011f\u0131 t\u00fcm ovalar\u0131n sonu demek. Menderes olmazsa Ege\u2019de ya\u015fam olmaz!\u201d dedi.<\/p>\n\n\n\n<p>Termik santralle ilgili \u00e7\u0131kan gazete haberlerini uzatt\u0131 \u00f6n\u00fcm\u00fcze. AKP\u2019li vekillerin a\u00e7\u0131klamalar\u0131 yerel gazetelerde \u201cDinar\u2019a m\u00fcjde\u201d diye man\u015fetten verilmi\u015fti. 950 milyon ton linyit yata\u011f\u0131 oldu\u011fu, bunlar\u0131n de\u011ferlendirilmesi i\u00e7in yap\u0131lacak termik santralde 6 bin i\u015f\u00e7iye i\u015f verilece\u011fi balland\u0131ra balland\u0131ra anlat\u0131lm\u0131\u015ft\u0131 haberlerde.<\/p>\n\n\n\n<p>\u201cMerak edip en b\u00fcy\u00fck termik santrallerin oldu\u011fu Rusya ve \u00c7in\u2019i ara\u015ft\u0131rd\u0131k. Ka\u00e7 i\u015f\u00e7i \u00e7al\u0131\u015f\u0131yor buralarda diye. En b\u00fcy\u00fc\u011f\u00fcnde 2 bin i\u015f\u00e7i \u00e7al\u0131\u015f\u0131yormu\u015f. Zaten ilk ba\u015flarda 6 bin i\u015f\u00e7i \u00e7al\u0131\u015facak derlerken \u015fimdi bunu 600 ki\u015fiye kadar d\u00fc\u015f\u00fcrd\u00fcler. S\u00f6ylediklerinin hepsi yalan!\u201d dedi.<\/p>\n\n\n\n<p>Yakla\u015f\u0131k iki saate yak\u0131n bir zaman termik santralin yarataca\u011f\u0131 \u00e7evre ve sa\u011fl\u0131k sorunlar\u0131ndan bahsetti. Dinar\u2019da ya\u015fam\u0131n bitece\u011finden, d\u00f6rt ovay\u0131 sulayan Menderes\u2019in kurumas\u0131 ya da daha ba\u015flang\u0131c\u0131nda kirlenmesinin yarataca\u011f\u0131 tehlikeleri anlatt\u0131 uzun uzun. Son olarak \u201cMenderes\u2019in Dinar\u2019da kaynayan suyunu I\u015f\u0131kl\u0131 G\u00f6l\u00fcne kadar nehirden al\u0131p i\u00e7ebilirsiniz. T\u00fcrkiye\u2019nin en temiz su kaynaklar\u0131ndan birisidir. Kirlenme buradan sonra ba\u015fl\u0131yor. \u015eimdi ise kayna\u011f\u0131nda kirletecekler Menderes\u2019i\u201d diye konu\u015ftu, \u00fczg\u00fcnce.<\/p>\n\n\n\n<p>Saatler ikindiye gelmi\u015fken izin istedi, kendisini daha uzun bir d\u00f6n\u00fc\u015f yolculu\u011fu bekledi\u011fini s\u00f6yledi. EGE\u00c7EP\u2019lileri Dinar\u2019a davet etti. \u201cGelin, yerinde g\u00f6r\u00fcn anlatt\u0131klar\u0131m\u0131. Belki de abart\u0131yorum, belki de bo\u015funa endi\u015feleniyorum. Ahh, ke\u015fke \u00f6yle olsa!\u201d diye de ekledi. G\u00fcne\u015f, K\u00f6rfezin ucunda bir portakal rengini al\u0131p denize do\u011fru e\u011filmi\u015fken turuncuya kesmi\u015f sulara son kez bakt\u0131. Ak\u015fama do\u011fru ko\u015far ad\u0131m giden \u0130zmir\u2019i, vapurlar\u0131n pe\u015finden \u00e7\u0131\u011fl\u0131k \u00e7\u0131\u011fl\u0131\u011fa u\u00e7u\u015fan mart\u0131lar\u0131, y\u00fcz\u00fcn\u00fc, sa\u00e7lar\u0131n\u0131 ok\u015fay\u0131p ge\u00e7en imbat\u0131 bir kez daha \u00e7ekti i\u00e7ine derin derin.<\/p>\n\n\n\n<p>Geldi\u011fi gibiydi giderken. Kamburunu \u00e7\u0131karm\u0131\u015f, omuzlar\u0131 \u00e7\u00f6km\u00fc\u015ft\u00fc. Memleket hasreti, Menderes endi\u015fesi kaplam\u0131\u015ft\u0131 i\u00e7ini yine. Dalg\u0131n, d\u00fc\u015f\u00fcnceli a\u011f\u0131r a\u011f\u0131r y\u00fcr\u00fcd\u00fc\u2026<\/p>\n\n\n\n<p><a href=\"https:\/\/www.evrensel.net\/yazi\/82544\/menderes-olmazsa\" target=\"_blank\" rel=\"noreferrer noopener\">https:\/\/www.evrensel.net\/yazi\/82544\/menderes-olmazsa<\/a><\/p>\n","protected":false},"excerpt":{"rendered":"<p>Tepekule Kongre Merkezi teras kat\u0131ndaki kafenin a\u00e7\u0131lan kap\u0131s\u0131ndan i\u00e7eriye 60-65 ya\u015flar\u0131nda g\u00f6steren koyu renk tak\u0131m elbiseli adamla birlikte serince bir<\/p>\n","protected":false},"author":1,"featured_media":101,"comment_status":"open","ping_status":"open","sticky":false,"template":"","format":"standard","meta":{"colormag_page_container_layout":"default_layout","colormag_page_sidebar_layout":"default_layout","footnotes":""},"categories":[8,14],"tags":[],"class_list":["post-100","post","type-post","status-publish","format-standard","has-post-thumbnail","hentry","category-makaleler","category-tum-yazilar"],"_links":{"self":[{"href":"https:\/\/egecep.org.tr\/index.php\/wp-json\/wp\/v2\/posts\/100","targetHints":{"allow":["GET"]}}],"collection":[{"href":"https:\/\/egecep.org.tr\/index.php\/wp-json\/wp\/v2\/posts"}],"about":[{"href":"https:\/\/egecep.org.tr\/index.php\/wp-json\/wp\/v2\/types\/post"}],"author":[{"embeddable":true,"href":"https:\/\/egecep.org.tr\/index.php\/wp-json\/wp\/v2\/users\/1"}],"replies":[{"embeddable":true,"href":"https:\/\/egecep.org.tr\/index.php\/wp-json\/wp\/v2\/comments?post=100"}],"version-history":[{"count":3,"href":"https:\/\/egecep.org.tr\/index.php\/wp-json\/wp\/v2\/posts\/100\/revisions"}],"predecessor-version":[{"id":230,"href":"https:\/\/egecep.org.tr\/index.php\/wp-json\/wp\/v2\/posts\/100\/revisions\/230"}],"wp:featuredmedia":[{"embeddable":true,"href":"https:\/\/egecep.org.tr\/index.php\/wp-json\/wp\/v2\/media\/101"}],"wp:attachment":[{"href":"https:\/\/egecep.org.tr\/index.php\/wp-json\/wp\/v2\/media?parent=100"}],"wp:term":[{"taxonomy":"category","embeddable":true,"href":"https:\/\/egecep.org.tr\/index.php\/wp-json\/wp\/v2\/categories?post=100"},{"taxonomy":"post_tag","embeddable":true,"href":"https:\/\/egecep.org.tr\/index.php\/wp-json\/wp\/v2\/tags?post=100"}],"curies":[{"name":"wp","href":"https:\/\/api.w.org\/{rel}","templated":true}]}}