{"id":153,"date":"2022-01-23T15:10:23","date_gmt":"2022-01-23T15:10:23","guid":{"rendered":"http:\/\/egecep.org.tr\/?p=153"},"modified":"2022-10-20T15:30:27","modified_gmt":"2022-10-20T15:30:27","slug":"evrensel-izmir-temsilcisi-ozer-akdemire-2021-iz-birakanlar-odulu","status":"publish","type":"post","link":"https:\/\/egecep.org.tr\/index.php\/2022\/01\/23\/evrensel-izmir-temsilcisi-ozer-akdemire-2021-iz-birakanlar-odulu\/","title":{"rendered":"EVRENSEL \u0130ZM\u0130R TEMS\u0130LC\u0130S\u0130 \u00d6ZER AKDEM\u0130R&#8217;E 2021 \u0130Z BIRAKANLAR \u00d6D\u00dcL\u00dc"},"content":{"rendered":"\n<p class=\"has-medium-font-size\">Evrensel \u0130zmir Temsilcisi \u00d6zer Akdemir&#8217;e \u0130z Gazete&#8217;nin 6. kurulu\u015f y\u0131l d\u00f6n\u00fcm\u00fcnde &#8220;2021 \u0130z B\u0131rakanlar \u00d6d\u00fcl&#8221;\u00fc verildi.<\/p>\n\n\n\n<p>K\u0131sa say\u0131labilecek bir zamanda \u0130zmir&#8217;de yerel bas\u0131n\u0131n \u00f6nemli k\u00f6\u015fe ta\u015flar\u0131ndan biri haline gelen \u0130z Gazete&#8217;nin 6. kurulu\u015f y\u0131l d\u00f6n\u00fcm\u00fcnde verdi\u011fi &#8220;2021 \u0130z B\u0131rakanlar \u00d6d\u00fclleri&#8221;nden birisi de Evrensel \u0130zmir Temsilcisi \u00d6zer Akdemir&#8217;e verildi. Akdemir, kalabal\u0131k bir davetli toplulu\u011fu taraf\u0131ndan izlenen \u00f6d\u00fcl t\u00f6reninde yapt\u0131\u011f\u0131 konu\u015fmada iklim krizi ve \u0130zmir\u2019in i\u00e7me suyunu sa\u011flayan barajlar havzas\u0131nda i\u015fletilen Efem\u00e7ukuru alt\u0131n madenine vurgu yapt\u0131.<\/p>\n\n\n\n<h3 class=\"wp-block-heading\">\u0130KT\u0130DARIN BASKILARI VE BASIN \u00d6ZG\u00dcRL\u00dc\u011e\u00dc VURGUSU<\/h3>\n\n\n\n<p>\u0130zmir Havagaz\u0131 fabrikas\u0131nda ger\u00e7ekle\u015ftirilen \u00f6d\u00fcl t\u00f6reninin a\u00e7\u0131l\u0131\u015f konu\u015fmas\u0131n\u0131 yapan \u0130z Medya Genel Yay\u0131n Y\u00f6netmeni \u00dcmit Kartal yapt\u0131. Kartal gen\u00e7 bir ekiple yola \u00e7\u0131kt\u0131klar\u0131n\u0131 bas\u0131n meslek ilkelerinden \u00f6d\u00fcn vermeden devam edeceklerini s\u00f6yledi.<\/p>\n\n\n\n<p>Gazeteci Sedef Kaba\u015f&#8217;\u0131n bir programda s\u00f6yledi\u011fi s\u00f6zler nedeniyle g\u00f6zalt\u0131na al\u0131nmas\u0131n\u0131n tart\u0131\u015fmalar\u0131 e\u015fli\u011finde konu\u015fmas\u0131n\u0131 yapan T\u00fcrkiye Gazeteciler Sendikas\u0131 Genel Ba\u015fkan\u0131 G\u00f6khan Durmu\u015f \u201cSize BBC grevinden selam getirdim\u201d diye ba\u015flad\u0131\u011f\u0131 konu\u015fmas\u0131nda \u201cT\u00fcrkiye&#8217;de medya uzun zamand\u0131r a\u011f\u0131r bask\u0131lar alt\u0131nda. Bas\u0131n \u00f6zg\u00fcrl\u00fc\u011f\u00fc, sendikal haklar alan\u0131nda. Gazetecilik meslek ilkelerine ba\u011fl\u0131 \u00e7al\u0131\u015fan meslekta\u015flar\u0131m\u0131z asla vazge\u00e7miyorlar. T\u00fcrkiye&#8217;nin karanl\u0131\u011fa g\u00f6t\u00fcr\u00fclmesine kar\u015f\u0131 \u0131srarla demokrasiyi \u00f6zg\u00fcrl\u00fckleri savunaca\u011f\u0131z\u201d dedi. \u0130zmir Gazeteciler Cemiyeti Ba\u015fkan\u0131 Dilek Gappi de \u201cSedef Kaba\u015f Yaln\u0131z de\u011fildir. Elbette bir g\u00fcn T\u00fcrk bas\u0131n\u0131 da \u00fczerindeki tozlar\u0131 silkeleyecektir\u201d diye konu\u015ftu.<\/p>\n\n\n\n<h3 class=\"wp-block-heading\">&#8220;\u00c7A\u011eIN SONUNU B\u0130Z BEL\u0130RLEYECE\u011e\u0130Z&#8221;<\/h3>\n\n\n\n<p>\u0130klim krizine kar\u015f\u0131 m\u00fccadele temas\u0131yla belirlenen &#8220;2021 \u0130z B\u0131rakanlar \u00d6d\u00fclleri&#8221;nden birisine lay\u0131k g\u00f6r\u00fclen \u0130zmir B\u00fcy\u00fck\u015fehir Belediye Ba\u015fkan\u0131 Tun\u00e7 Soyer Do\u011fayla uyumlu bir uygarl\u0131k kurman\u0131n k\u00fcresel a\u00e7\u0131dan insanl\u0131\u011f\u0131n en temel meselesi haline geldi\u011fi bir \u00e7a\u011fda ya\u015f\u0131yoruz. Bu \u00e7a\u011f\u0131n sonunu biz belirleyece\u011fiz. Ya ikilim devrimini yapaca\u011f\u0131z ve do\u011fadaki t\u00fcm canl\u0131larla birlikte ya\u015famaya devam edece\u011fiz, ya da gezegenimizin bir yang\u0131n yerine d\u00f6nmesine seyirci kalaca\u011f\u0131z&#8221; dedi.<\/p>\n\n\n\n<h3 class=\"wp-block-heading\">\u0130KL\u0130M KR\u0130Z\u0130 GER\u00c7EKL\u0130\u011e\u0130 VE \u0130ZM\u0130R<\/h3>\n\n\n\n<p>Yapt\u0131\u011f\u0131 \u00e7evre &#8211; ekoloji haberleri ve ekolojik sorunlar\u0131 eko kurgu \u00f6yk\u00fcleri ile edebiyat alan\u0131na ta\u015f\u0131mas\u0131 gerek\u00e7eleriyle \u00f6d\u00fcle lay\u0131k g\u00f6r\u00fclen Evrensel \u0130zmir Temsilcisi \u00d6zer Akdemir de yapt\u0131\u011f\u0131 konu\u015fmada, iklim krizinin \u00f6n\u00fcm\u00fczdeki d\u00f6nemde ya\u015fad\u0131\u011f\u0131m\u0131z pandemi s\u00fcrecinden daha \u00e7ok tart\u0131\u015f\u0131lacak bir mesele oldu\u011funun anla\u015f\u0131laca\u011f\u0131n\u0131 belirtti. \u0130zmir\u2019in iklim krizi ile y\u00fczle\u015fecek kentlerin ba\u015f\u0131nda geldi\u011fini belirten Akdemir, hal b\u00f6yle iken kentin i\u00e7me suyu kaynaklar\u0131n\u0131n oldu\u011fu Efem\u00e7ukuru\u2019nda 10 y\u0131ld\u0131r alt\u0131n madeni i\u015fletildi\u011fini belirterek, &#8220;O maden 10 y\u0131ld\u0131r orada \u00e7al\u0131\u015f\u0131yor. Ancak \u0130zmirlinin ne kadar\u0131 sular\u0131n\u0131 kirleten bu madenden haberdar&#8221; diye konu\u015ftu. \u0130zmir\u2019in son derece g\u00fczel ancak ekolojik sorunlar a\u00e7\u0131s\u0131ndan ise \u015fanss\u0131z bir kent oldu\u011funu belirten Akdemir, \u0130zmirlilerin t\u00fcm bu sorunlar\u0131 a\u015fabilecek bir m\u00fccadele birikimine sahip oldu\u011funu s\u00f6yledi.<\/p>\n\n\n\n<h3 class=\"wp-block-heading\">&#8220;\u00c7OCUKLARIMIZIN GELECE\u011e\u0130 \u0130\u00c7\u0130N M\u00dcCADELE&#8221;<\/h3>\n\n\n\n<p>CHP \u0130zmir Milletvekili Murat Bakan&#8217;la birlikte \u00e7evre-ekoloji avukatlar\u0131 \u00d6zlem ve Cem Alt\u0131parmak da \u0130z B\u0131rakanlar \u00d6d\u00fcllerine lay\u0131k g\u00f6r\u00fcnen di\u011fer ki\u015filer oldular. Karadeniz&#8217;deki ekoloji m\u00fccadelesinin simge isimlerinden Metin Lokumcu ad\u0131na verilen \u00f6d\u00fcl\u00fc o\u011flu Ula\u015f Lokumcu k\u00fc\u00e7\u00fck k\u0131z\u0131 ile birlikte ald\u0131. Lokumcu, babas\u0131n\u0131n HES\u2019lere kar\u015f\u0131 verdi\u011fi m\u00fccadeleyi hat\u0131rlatarak &#8220;\u00c7ocuklar\u0131m\u0131z\u0131n gelece\u011fi i\u00e7in m\u00fccadele etmek zorunday\u0131z&#8221; dedi.<\/p>\n","protected":false},"excerpt":{"rendered":"<p>Evrensel \u0130zmir Temsilcisi \u00d6zer Akdemir&#8217;e \u0130z Gazete&#8217;nin 6. kurulu\u015f y\u0131l d\u00f6n\u00fcm\u00fcnde &#8220;2021 \u0130z B\u0131rakanlar \u00d6d\u00fcl&#8221;\u00fc verildi. K\u0131sa say\u0131labilecek bir zamanda<\/p>\n","protected":false},"author":1,"featured_media":154,"comment_status":"open","ping_status":"open","sticky":false,"template":"","format":"standard","meta":{"colormag_page_container_layout":"default_layout","colormag_page_sidebar_layout":"default_layout","footnotes":""},"categories":[5,14],"tags":[],"class_list":["post-153","post","type-post","status-publish","format-standard","has-post-thumbnail","hentry","category-haberler","category-tum-yazilar"],"_links":{"self":[{"href":"https:\/\/egecep.org.tr\/index.php\/wp-json\/wp\/v2\/posts\/153","targetHints":{"allow":["GET"]}}],"collection":[{"href":"https:\/\/egecep.org.tr\/index.php\/wp-json\/wp\/v2\/posts"}],"about":[{"href":"https:\/\/egecep.org.tr\/index.php\/wp-json\/wp\/v2\/types\/post"}],"author":[{"embeddable":true,"href":"https:\/\/egecep.org.tr\/index.php\/wp-json\/wp\/v2\/users\/1"}],"replies":[{"embeddable":true,"href":"https:\/\/egecep.org.tr\/index.php\/wp-json\/wp\/v2\/comments?post=153"}],"version-history":[{"count":2,"href":"https:\/\/egecep.org.tr\/index.php\/wp-json\/wp\/v2\/posts\/153\/revisions"}],"predecessor-version":[{"id":238,"href":"https:\/\/egecep.org.tr\/index.php\/wp-json\/wp\/v2\/posts\/153\/revisions\/238"}],"wp:featuredmedia":[{"embeddable":true,"href":"https:\/\/egecep.org.tr\/index.php\/wp-json\/wp\/v2\/media\/154"}],"wp:attachment":[{"href":"https:\/\/egecep.org.tr\/index.php\/wp-json\/wp\/v2\/media?parent=153"}],"wp:term":[{"taxonomy":"category","embeddable":true,"href":"https:\/\/egecep.org.tr\/index.php\/wp-json\/wp\/v2\/categories?post=153"},{"taxonomy":"post_tag","embeddable":true,"href":"https:\/\/egecep.org.tr\/index.php\/wp-json\/wp\/v2\/tags?post=153"}],"curies":[{"name":"wp","href":"https:\/\/api.w.org\/{rel}","templated":true}]}}