{"id":161,"date":"2022-02-20T20:16:48","date_gmt":"2022-02-20T20:16:48","guid":{"rendered":"http:\/\/egecep.org.tr\/?p=161"},"modified":"2022-10-20T15:29:16","modified_gmt":"2022-10-20T15:29:16","slug":"egecepe-halkevlerinden-odul","status":"publish","type":"post","link":"https:\/\/egecep.org.tr\/index.php\/2022\/02\/20\/egecepe-halkevlerinden-odul\/","title":{"rendered":"EGE\u00c7EP&#8217;E HALKEVLER\u0130&#8217;NDEN \u00d6D\u00dcL"},"content":{"rendered":"\n<p class=\"has-medium-font-size\">Halkevleri Bas\u0131n, Sanat ve Dayan\u0131\u015fma \u00d6d\u00fclleri, \u0130stanbul \u015ei\u015fli Cemil Canda\u015f Kent K\u00fclt\u00fcr Merkezi\u2019nde d\u00fczenlenen t\u00f6renle da\u011f\u0131t\u0131ld\u0131.<\/p>\n\n\n\n<p><strong>DUVAR\u00a0&#8211;\u00a0<\/strong>Halkevleri 90\u2019\u0131nc\u0131 kurulu\u015f y\u0131l d\u00f6n\u00fcm\u00fcnde d\u00fczenlenen \u201cHalk\u0131n Haklar\u0131 Bas\u0131n, Sanat ve Dayan\u0131\u015fma \u00d6d\u00fclleri\u201d sahiplerine t\u00f6renle teslim edildi.\u00a010\u2019uncusu d\u00fczenlenen \u00f6d\u00fcl t\u00f6reni, \u201cD\u00fcnden Yar\u0131na Gelece\u011fe Y\u00fcr\u00fcyoruz\u201d temas\u0131yla \u0130stanbul \u015ei\u015fli Cemil Canda\u015f Kent K\u00fclt\u00fcr Merkezi\u2019nde ger\u00e7ekle\u015fti.<\/p>\n\n\n\n<p>T\u00f6rene, HDP Milletvekili Z\u00fcleyha G\u00fcl\u00fcm, HDP \u0130stanbul \u0130l E\u015fba\u015fkan\u0131 \u0130lknur Birol, CHP \u0130stanbul Milletvekili Sezgin Tanr\u0131kulu, Ali \u015eeker,&nbsp;CHP \u0130stanbul \u0130l Ba\u015fkan\u0131 Canan Kaftanc\u0131o\u011flu, T\u0130P \u0130stanbul Milletvekili Erkan Ba\u015f, Ahmet \u015e\u0131k, EMEP Genel Ba\u015fkan\u0131 Erc\u00fcment Akdeniz, Emek Partisi \u0130stanbul \u0130l Ba\u015fkan\u0131 Sema Barbaros, \u015ei\u015fli Belediyesi Ba\u015fkan\u0131&nbsp;Muammer Keskin, Esenyurt Belediye Ba\u015fkan\u0131&nbsp;Kemal Bozkurt, D\u0130SK Bas\u0131n-\u0130\u015f Genel Ba\u015fkan\u0131 Faruk Eren, Cumartesi Anneleri ve \u00e7ok say\u0131da ki\u015fi kat\u0131ld\u0131.<\/p>\n\n\n\n<h2 class=\"wp-block-heading\" id=\"oduller-sahiplerini-buldu\">\u00d6D\u00dcLLER SAH\u0130PLER\u0130N\u0130 BULDU<\/h2>\n\n\n\n<p>\u00d6d\u00fcl alanlar aras\u0131nda Birg\u00fcn yazar\u0131 Bahad\u0131r \u00d6zg\u00fcr ve Timur Soykan, Gazeteci Faik Akg\u00fcn, ENAG Y\u00f6neticisi Prof. Dr. Veysel Ulusoy, Diken muhabiri Canan Co\u015fkun, FOX TV muhabiri Beril \u00d6tk\u00fcn, Evrensel Gazetesi muhabiri Meltem Akyol, Dokuz8 Haber muhabiri Fato\u015f Erdo\u011fan, TELE 1 edit\u00f6r\u00fc Hazal G\u00fcven, Yeni Ya\u015fam Gazetesi edit\u00f6r\u00fc Hicran Urun yer ald\u0131.\u00a0<\/p>\n\n\n\n<figure class=\"wp-block-image size-full\"><img loading=\"lazy\" decoding=\"async\" width=\"953\" height=\"690\" src=\"https:\/\/egecep.org.tr\/wp-content\/uploads\/2022\/02\/20220220_230404.jpg\" alt=\"\" class=\"wp-image-163\" srcset=\"https:\/\/egecep.org.tr\/wp-content\/uploads\/2022\/02\/20220220_230404.jpg 953w, https:\/\/egecep.org.tr\/wp-content\/uploads\/2022\/02\/20220220_230404-300x217.jpg 300w, https:\/\/egecep.org.tr\/wp-content\/uploads\/2022\/02\/20220220_230404-768x556.jpg 768w\" sizes=\"auto, (max-width: 953px) 100vw, 953px\" \/><figcaption>Do\u00e7. Dr. Pelin P\u0131nar Girito\u011flu&#8217;ndan Ege\u00e7ep E\u015f Ba\u015fkan\u0131 Erhan \u0130\u00e7\u00f6z Ege\u00e7ep ad\u0131na \u00f6d\u00fcl\u00fc al\u0131yor<\/figcaption><\/figure>\n\n\n\n<p>Bu seneki Sanat \u00f6d\u00fclleri \u015eair \u0130lhan Sami \u00c7omak ve Tiyatrocu Nazmi Karaman&#8217;a verildi.&nbsp;Dayan\u0131\u015fma \u00f6d\u00fclleri ise&nbsp;Valideba\u011f G\u00f6n\u00fcll\u00fcleri ve Valideba\u011f Savunmas\u0131, \u0130stanbul S\u00f6zle\u015fmesi Kampanya Grubu, Ege \u00c7evre ve K\u00fclt\u00fcr Platformu, \u015eenya\u015far Ailesi, direnen Bo\u011fazi\u00e7i \u00dcniversitesi Akademisyenleri, Tutuklu Gazeteci Nedim T\u00fcrfent ve Sinema Kooperatifi&#8217;ne verildi.<\/p>\n\n\n\n<h2 class=\"wp-block-heading\" id=\"senyasar-ailesine-dayanisma-odulu\">\u015eENYA\u015eAR A\u0130LES\u0130NE DAYANI\u015eMA \u00d6D\u00dcL\u00dc<\/h2>\n\n\n\n<p>T\u00f6rende, Urfa&#8217;n\u0131n Suru\u00e7 il\u00e7esinde 14 Haziran 2018&#8217;de AKP Milletvekili \u0130brahim Halil Y\u0131ld\u0131z\u2019\u0131n koruma ve yak\u0131nlar\u0131n\u0131n sald\u0131r\u0131s\u0131 sonucu 3 aile fertlerini kaybeden, 9 Mart 2020 tarihinden bu yana Urfa Adliyesi \u00f6n\u00fcnde Adalet N\u00f6beti tutan \u015eenya\u015far ailesine dayan\u0131\u015fma \u00f6d\u00fcl\u00fc verildi.&nbsp;\u00d6d\u00fcl t\u00f6renine Emine \u015eenya\u015far sa\u011fl\u0131k sorunlar\u0131 nedeniyle kat\u0131lamazken, o\u011flu Ferit \u015eenya\u015far kat\u0131ld\u0131. \u015eenya\u015far \u00f6d\u00fcl\u00fcn\u00fc, Tekirda\u011f\u2019\u0131n \u00c7orlu il\u00e7esindeki tren kazas\u0131nda o\u011flu O\u011fuz Arda Sel\u2019i kaybeden M\u0131sra \u00d6z\u2019den ald\u0131.<\/p>\n\n\n\n<p>T\u00f6ren \u00f6d\u00fcllerin verilmesinin ard\u0131ndan sanat\u00e7\u0131 Erdal G\u00fcney&#8217;in verdi\u011fi konserle devam\u00a0etti.<\/p>\n\n\n\n<p><\/p>\n\n\n\n<p>Kaynak: <a href=\"https:\/\/www.gazeteduvar.com.tr\/halkevleri-basin-sanat-ve-dayanisma-odulleri-sahiplerini-buldu-haber-1553831\" target=\"_blank\" rel=\"noreferrer noopener\">https:\/\/www.gazeteduvar.com.tr\/halkevleri-basin-sanat-ve-dayanisma-odulleri-sahiplerini-buldu-haber-1553831<\/a><\/p>\n","protected":false},"excerpt":{"rendered":"<p>Halkevleri Bas\u0131n, Sanat ve Dayan\u0131\u015fma \u00d6d\u00fclleri, \u0130stanbul \u015ei\u015fli Cemil Canda\u015f Kent K\u00fclt\u00fcr Merkezi\u2019nde d\u00fczenlenen t\u00f6renle da\u011f\u0131t\u0131ld\u0131. DUVAR\u00a0&#8211;\u00a0Halkevleri 90\u2019\u0131nc\u0131 kurulu\u015f y\u0131l<\/p>\n","protected":false},"author":1,"featured_media":163,"comment_status":"open","ping_status":"open","sticky":false,"template":"","format":"standard","meta":{"colormag_page_container_layout":"default_layout","colormag_page_sidebar_layout":"default_layout","footnotes":""},"categories":[5,14],"tags":[],"class_list":["post-161","post","type-post","status-publish","format-standard","has-post-thumbnail","hentry","category-haberler","category-tum-yazilar"],"_links":{"self":[{"href":"https:\/\/egecep.org.tr\/index.php\/wp-json\/wp\/v2\/posts\/161","targetHints":{"allow":["GET"]}}],"collection":[{"href":"https:\/\/egecep.org.tr\/index.php\/wp-json\/wp\/v2\/posts"}],"about":[{"href":"https:\/\/egecep.org.tr\/index.php\/wp-json\/wp\/v2\/types\/post"}],"author":[{"embeddable":true,"href":"https:\/\/egecep.org.tr\/index.php\/wp-json\/wp\/v2\/users\/1"}],"replies":[{"embeddable":true,"href":"https:\/\/egecep.org.tr\/index.php\/wp-json\/wp\/v2\/comments?post=161"}],"version-history":[{"count":2,"href":"https:\/\/egecep.org.tr\/index.php\/wp-json\/wp\/v2\/posts\/161\/revisions"}],"predecessor-version":[{"id":235,"href":"https:\/\/egecep.org.tr\/index.php\/wp-json\/wp\/v2\/posts\/161\/revisions\/235"}],"wp:featuredmedia":[{"embeddable":true,"href":"https:\/\/egecep.org.tr\/index.php\/wp-json\/wp\/v2\/media\/163"}],"wp:attachment":[{"href":"https:\/\/egecep.org.tr\/index.php\/wp-json\/wp\/v2\/media?parent=161"}],"wp:term":[{"taxonomy":"category","embeddable":true,"href":"https:\/\/egecep.org.tr\/index.php\/wp-json\/wp\/v2\/categories?post=161"},{"taxonomy":"post_tag","embeddable":true,"href":"https:\/\/egecep.org.tr\/index.php\/wp-json\/wp\/v2\/tags?post=161"}],"curies":[{"name":"wp","href":"https:\/\/api.w.org\/{rel}","templated":true}]}}