{"id":312,"date":"2022-11-02T08:53:54","date_gmt":"2022-11-02T08:53:54","guid":{"rendered":"http:\/\/egecep.org.tr\/?p=312"},"modified":"2022-11-02T09:19:31","modified_gmt":"2022-11-02T09:19:31","slug":"aliagada-yapilmasi-planlanan-endustriyel-curuf-depolama-tesisi-projesine-karsi-dava-acildi","status":"publish","type":"post","link":"https:\/\/egecep.org.tr\/index.php\/2022\/11\/02\/aliagada-yapilmasi-planlanan-endustriyel-curuf-depolama-tesisi-projesine-karsi-dava-acildi\/","title":{"rendered":"AL\u0130A\u011eA&#8217;DA YAPILMASI PLANLANAN END\u00dcSTR\u0130YEL C\u00dcRUF DEPOLAMA TES\u0130S\u0130 PROJES\u0130NE KAR\u015eI DAVA A\u00c7ILDI!"},"content":{"rendered":"\n<hr class=\"wp-block-separator has-alpha-channel-opacity\"\/>\n\n\n\n<p>EGE\u00c7EP (Ege \u00c7evre ve K\u00fclt\u00fcr Platformu) Derne\u011fi, AL\u00c7EP (Alia\u011fa \u00c7evre Platformu) \u00fcyeleri, \u015eehitkemal, Yukar\u0131 \u015eehitkemal Mahalleleri ve b\u00f6lgedeki di\u011fer 6 mahallenin muhtarlar\u0131 ile 44 yurtta\u015f taraf\u0131ndan \u0130zmir 3. \u0130dare Mahkemesi&#8217;nde; Alia\u011fa&#8217;n\u0131n \u015eehitkemal Mahallesi&#8217;nde Ekovar \u00c7evre Grup Geri D\u00f6n\u00fc\u015f\u00fcm A.\u015e. taraf\u0131ndan yap\u0131lmas\u0131 planlanan \u0130zmir d\u0131\u015f\u0131nda 6 ilin end\u00fcstriyel at\u0131klar\u0131n\u0131n g\u00f6m\u00fclerek bertaraf edilece\u011fi &#8221;Bat\u0131 Ege ve G\u00fcney Marmara End\u00fcstriyel At\u0131k (C\u00fcruf) Bertaraf Tesisi&#8221; projesine ili\u015fkin \u00c7evre, \u015eehircilik ve \u0130klim De\u011fi\u015fikli\u011fi Bakanl\u0131\u011f\u0131 taraf\u0131ndan verilen \u00c7ED Olumlu karar\u0131n\u0131n iptali i\u00e7in dava a\u00e7\u0131ld\u0131. <\/p>\n\n\n\n<hr class=\"wp-block-separator has-alpha-channel-opacity\"\/>\n\n\n\n<p>EGE\u00c7EP D\u00f6nem E\u015f S\u00f6zc\u00fcs\u00fc ve davac\u0131lar\u0131n vekilli\u011fini \u00fcstlenen Av. Berna Babao\u011flu Uluta\u015f, bas\u0131na a\u00e7\u0131klamalarda bulundu. A\u00e7\u0131klamaya, EGE\u00c7EP ve AL\u00c7EP \u00fcyeleri, proje alan\u0131 b\u00f6lgesinde kalan mahallelerin muhtarlar\u0131 ile davac\u0131 yurtta\u015flar da kat\u0131ld\u0131.<\/p>\n\n\n\n<hr class=\"wp-block-separator has-alpha-channel-opacity\"\/>\n\n\n\n<figure class=\"wp-block-image size-large\"><img loading=\"lazy\" decoding=\"async\" width=\"1024\" height=\"768\" src=\"https:\/\/egecep.org.tr\/wp-content\/uploads\/2022\/11\/WhatsApp-Image-2022-11-02-at-11.36.23-1024x768.jpeg\" alt=\"\" class=\"wp-image-314\" srcset=\"https:\/\/egecep.org.tr\/wp-content\/uploads\/2022\/11\/WhatsApp-Image-2022-11-02-at-11.36.23-1024x768.jpeg 1024w, https:\/\/egecep.org.tr\/wp-content\/uploads\/2022\/11\/WhatsApp-Image-2022-11-02-at-11.36.23-300x225.jpeg 300w, https:\/\/egecep.org.tr\/wp-content\/uploads\/2022\/11\/WhatsApp-Image-2022-11-02-at-11.36.23-768x576.jpeg 768w, https:\/\/egecep.org.tr\/wp-content\/uploads\/2022\/11\/WhatsApp-Image-2022-11-02-at-11.36.23-1536x1152.jpeg 1536w, https:\/\/egecep.org.tr\/wp-content\/uploads\/2022\/11\/WhatsApp-Image-2022-11-02-at-11.36.23.jpeg 1600w\" sizes=\"auto, (max-width: 1024px) 100vw, 1024px\" \/><\/figure>\n\n\n\n<hr class=\"wp-block-separator has-alpha-channel-opacity\"\/>\n","protected":false},"excerpt":{"rendered":"<p>EGE\u00c7EP (Ege \u00c7evre ve K\u00fclt\u00fcr Platformu) Derne\u011fi, AL\u00c7EP (Alia\u011fa \u00c7evre Platformu) \u00fcyeleri, \u015eehitkemal, Yukar\u0131 \u015eehitkemal Mahalleleri ve b\u00f6lgedeki di\u011fer 6<\/p>\n","protected":false},"author":1,"featured_media":313,"comment_status":"open","ping_status":"open","sticky":false,"template":"","format":"standard","meta":{"colormag_page_container_layout":"default_layout","colormag_page_sidebar_layout":"default_layout","footnotes":""},"categories":[5,14],"tags":[],"class_list":["post-312","post","type-post","status-publish","format-standard","has-post-thumbnail","hentry","category-haberler","category-tum-yazilar"],"_links":{"self":[{"href":"https:\/\/egecep.org.tr\/index.php\/wp-json\/wp\/v2\/posts\/312","targetHints":{"allow":["GET"]}}],"collection":[{"href":"https:\/\/egecep.org.tr\/index.php\/wp-json\/wp\/v2\/posts"}],"about":[{"href":"https:\/\/egecep.org.tr\/index.php\/wp-json\/wp\/v2\/types\/post"}],"author":[{"embeddable":true,"href":"https:\/\/egecep.org.tr\/index.php\/wp-json\/wp\/v2\/users\/1"}],"replies":[{"embeddable":true,"href":"https:\/\/egecep.org.tr\/index.php\/wp-json\/wp\/v2\/comments?post=312"}],"version-history":[{"count":4,"href":"https:\/\/egecep.org.tr\/index.php\/wp-json\/wp\/v2\/posts\/312\/revisions"}],"predecessor-version":[{"id":320,"href":"https:\/\/egecep.org.tr\/index.php\/wp-json\/wp\/v2\/posts\/312\/revisions\/320"}],"wp:featuredmedia":[{"embeddable":true,"href":"https:\/\/egecep.org.tr\/index.php\/wp-json\/wp\/v2\/media\/313"}],"wp:attachment":[{"href":"https:\/\/egecep.org.tr\/index.php\/wp-json\/wp\/v2\/media?parent=312"}],"wp:term":[{"taxonomy":"category","embeddable":true,"href":"https:\/\/egecep.org.tr\/index.php\/wp-json\/wp\/v2\/categories?post=312"},{"taxonomy":"post_tag","embeddable":true,"href":"https:\/\/egecep.org.tr\/index.php\/wp-json\/wp\/v2\/tags?post=312"}],"curies":[{"name":"wp","href":"https:\/\/api.w.org\/{rel}","templated":true}]}}