{"id":332,"date":"2023-03-31T18:39:34","date_gmt":"2023-03-31T18:39:34","guid":{"rendered":"http:\/\/egecep.org.tr\/?p=332"},"modified":"2023-03-31T18:41:41","modified_gmt":"2023-03-31T18:41:41","slug":"ekokirim-suctur-doga-affetmezegecep-2023-kurultayi","status":"publish","type":"post","link":"https:\/\/egecep.org.tr\/index.php\/2023\/03\/31\/ekokirim-suctur-doga-affetmezegecep-2023-kurultayi\/","title":{"rendered":"&#8220;EKOKIRIM SU\u00c7TUR; DO\u011eA AFFETMEZ!\u201d EGE\u00c7EP 2023 KURULTAY SONU\u00c7 B\u0130LD\u0130RGES\u0130"},"content":{"rendered":"\n<p><strong>EGE\u00c7EP 17. B\u0130LE\u015eENLER KURULTAYI SONU\u00c7 B\u0130LD\u0130RGES\u0130<\/strong><\/p>\n\n\n\n<p>&#8220;EKOKIRIM SU\u00c7TUR; DO\u011eA AFFETMEZ!\u201d slogan\u0131yla, 4 Mart 2023 tarihinde toplanan EGE\u00c7EP 17.&nbsp; Bile\u015fenler Kurultay\u0131m\u0131z, Ege b\u00f6lgesindeki bile\u015fen \u00f6rg\u00fct temsilcileri, bireysel kat\u0131l\u0131mc\u0131lar ve bile\u015fen aday\u0131 kurulu\u015flar\u0131n kat\u0131l\u0131mlar\u0131yla ger\u00e7ekle\u015ftirilmi\u015ftir. Ge\u00e7ti\u011fimiz d\u00f6nemde yitirdi\u011fimiz, \u0130Z\u00c7EP temsilcisi sevgili Merih Ak\u0131n Y\u00fccel ile Kahramanmara\u015f\u2019ta olu\u015fan 7.7 ve 7.6 b\u00fcy\u00fckl\u00fc\u011f\u00fcndeki depremde ya\u015famlar\u0131n\u0131 kaybedenlerin an\u0131s\u0131na sayg\u0131 duru\u015fuyla ba\u015flayan kurultay\u0131m\u0131zda ya\u015fanan s\u00fcre\u00e7ler de\u011ferlendirilmi\u015ftir. Depremde ya\u015fanan can ve mal kay\u0131plar\u0131n\u0131n, sermayenin kar h\u0131rs\u0131 u\u011fruna ortaya \u00e7\u0131kt\u0131\u011f\u0131 vurgulanm\u0131\u015f, depremin bir afet de\u011fil do\u011fal bir olay oldu\u011fu ger\u00e7e\u011finden hareketle depremin afete d\u00f6n\u00fc\u015fmesinin bu s\u0131n\u0131rs\u0131z kar h\u0131rs\u0131 oldu\u011fu saptamas\u0131 yap\u0131lm\u0131\u015ft\u0131r. Kapitalizmin ya\u015fam alanlar\u0131m\u0131za ve do\u011faya y\u00f6nelik gittik\u00e7e artan sald\u0131r\u0131lar\u0131na kar\u015f\u0131 m\u00fccadele kararl\u0131l\u0131\u011f\u0131 bir kez daha vurgulanm\u0131\u015ft\u0131r.<\/p>\n\n\n\n<p>17. Kurultay\u0131m\u0131z, yapt\u0131\u011f\u0131 de\u011ferlendirmeler sonucu a\u015fa\u011f\u0131da belirtilen tespitleri kurultay sonu\u00e7 bildirgesi olarak kamuoyu ile payla\u015fmay\u0131 kararla\u015ft\u0131rm\u0131\u015ft\u0131r.<\/p>\n\n\n\n<ul class=\"wp-block-list\">\n<li>Sanayile\u015fme ve kentle\u015fmenin ortaya \u00e7\u0131kard\u0131\u011f\u0131 sorunlar\u0131n ba\u015f\u0131nda ekolojik y\u0131k\u0131mlar gelmektedir. Ekolojik y\u0131k\u0131mlar, \u00f6zellikle kapitalist d\u00f6nemde ortaya \u00e7\u0131kan kalk\u0131nmac\u0131 modelin bir sonucu olarak ekosistemi ve do\u011fal dengeleri bozmas\u0131 ile ba\u015flam\u0131\u015ft\u0131r. Her ge\u00e7en g\u00fcn artan ve acil \u00e7\u00f6z\u00fcmler gerektiren ekolojik y\u0131k\u0131mlar son y\u0131llarda insanlar\u0131n, bitki ve hayvan t\u00fcrlerinin varl\u0131\u011f\u0131n\u0131 ve ya\u015famlar\u0131n\u0131 ciddi bir \u015fekilde tehdit eder duruma gelmi\u015ftir.&nbsp;<\/li>\n<\/ul>\n\n\n\n<ul class=\"wp-block-list\">\n<li>\u0130nsanlar\u0131n, di\u011fer canl\u0131lar\u0131n ya\u015fam alanlar\u0131na m\u00fcdahale etmesi, di\u011fer bir deyimle di\u011fer canl\u0131lar\u0131n ya\u015fam alanlar\u0131n\u0131 i\u015fgal etmesi, onlara neredeyse hi\u00e7 ya\u015fanabilecek alan b\u0131rakmamas\u0131 ister istemez bir\u00e7ok canl\u0131 t\u00fcr\u00fcn\u00fcn yok olmas\u0131na veya yok olma tehlikesine yol a\u00e7maktad\u0131r. Yaban hayat\u0131na y\u00f6nelik bu durum, son bir y\u0131ld\u0131r d\u00fcnya genelindeki milyonlarca insan\u0131n \u00f6l\u00fcm\u00fcne neden olan covid-19 gibi salg\u0131n hastal\u0131klara da neden oldu\u011fu bilim insanlar\u0131nca duyurulmaktad\u0131r.&nbsp;<\/li>\n<\/ul>\n\n\n\n<ul class=\"wp-block-list\">\n<li>Ge\u00e7en y\u0131llarda oldu\u011fu gibi AKP-MHP iktidar\u0131n\u0131n ekonomik krizden \u00e7\u0131k\u0131\u015f yolu olarak buldu\u011fu y\u00f6ntemlerden biri de do\u011fan\u0131n ya\u011fmalanmas\u0131, ekolojik y\u0131k\u0131m projeleridir. AKP-MHP iktidar\u0131, do\u011fay\u0131 ve ya\u015fam alanlar\u0131n\u0131 talan edip T\u00fcrkiye\u2019nin d\u00f6rt bir yan\u0131n\u0131 alt\u0131n ve di\u011fer metalik madenler, n\u00fckleer veya termik santraller, HES\u2019ler vb. a\u00e7arak yerli ve yabanc\u0131 sermaye \u015firketlerine teslim etmektedir. Bug\u00fcn Bergama\u2019dan Cerattepe\u2019ye, Kazda\u011flar\u0131\u2019ndan Fatsa\u2019ya, \u0130li\u00e7\u2019ten K\u0131\u015flada\u011f\u2019a, Muratda\u011f\u0131\u2019ndan Efem\u00e7ukuru\u2019na, \u0130kizdere\u2019den \u0130kizk\u00f6y\u2019e,&nbsp; Uzung\u00f6l\u2019den Salda G\u00f6l\u00fc\u2019ne, Kanal \u0130stanbul\u2019dan \u00c7e\u015fme Yar\u0131madas\u0131\u2019na, Munzur&#8217;a, Meryem Ana&#8217;dan Hasankeyf\u2019e kadar&nbsp; \u00fclkenin her yerinde do\u011fal ve k\u00fclt\u00fcrel varl\u0131klar\u0131 tahrip eden, ya\u011fmalayan projeler son h\u0131zla devam etmektedir.<\/li>\n<\/ul>\n\n\n\n<ul class=\"wp-block-list\">\n<li>Di\u011fer yandan, halk\u0131 m\u00fclks\u00fczle\u015ftiren \u015firketlere kamu g\u00fcc\u00fc ile m\u00fclkiyet aktaran acele kamula\u015ft\u0131rma, rezerv alan ve riskli alan kararlar\u0131, \u00c7ED kararlar\u0131, imar ve \u00e7evre d\u00fczeni plan\u0131 de\u011fi\u015fiklikleri, iktidar\u0131n son y\u0131llarda s\u0131k\u00e7a ba\u015fvurdu\u011fu bir y\u00f6ntem haline geldi. Bunlara 2020 y\u0131l\u0131nda \u00f6zellikle \u00c7ED gerekli de\u011fildir kararlar\u0131, \u00c7ED muafiyet kararlar\u0131 gibi \u00e7evresel denetim kapsam\u0131 d\u0131\u015f\u0131nda tutulacak daha etkili hukuki ara\u00e7lar ve istisna say\u0131lacak d\u00fczenlemeler eklendi. Bu uygulamalara kar\u015f\u0131 hukuksal m\u00fccadele y\u00fcr\u00fctmek isteyen ki\u015fi ve kurumlar ise y\u00fckl\u00fc miktarlarda dava masraflar\u0131yla kar\u015f\u0131la\u015fmaktad\u0131r. 2009\/7 say\u0131l\u0131 ucube genelge ile \u00c7ED kararlar\u0131n\u0131n hukuksal denetimi fiilen ortadan kalkm\u0131\u015f durumdad\u0131r. Devletin asli g\u00f6revi olmas\u0131 gereken \u00e7evrenin ve do\u011fan\u0131n korunmas\u0131 g\u00f6revi, ya\u015fam savunucular\u0131na kalm\u0131\u015f durumdad\u0131r. Ya\u015fam alanlar\u0131na y\u00f6nelik hukuksuz giri\u015fimlere kar\u015f\u0131 a\u00e7\u0131lacak davalar\u0131n masraflar\u0131n\u0131n kamu taraf\u0131ndan kar\u015f\u0131lanmas\u0131n\u0131 \u00f6ncelikle \u00e7\u00f6z\u00fclmesi gereken bir g\u00f6rev olarak g\u00f6rmekteyiz.&nbsp;<\/li>\n<\/ul>\n\n\n\n<ul class=\"wp-block-list\">\n<li>Harmandal\u0131 \u00f6zelinde somutla\u015fan vah\u015fi \u00e7\u00f6p depolanmas\u0131na son verilmesi, \u00e7\u00f6p yak\u0131lmalar\u0131na son verilmesi ve Harmandal\u0131 \u00e7\u00f6pl\u00fc\u011f\u00fcn\u00fcn bir an \u00f6nce kapat\u0131lmas\u0131, \u00e7\u00f6plerin geri kazan\u0131lmas\u0131 ve kompost \u00fcretilmesi, \u00fclkemizin \u00e7\u00f6pl\u00fc\u011fe d\u00f6n\u00fc\u015fmesine neden olan \u00e7\u00f6p ithalat\u0131n\u0131n durdurulmas\u0131 i\u00e7in m\u00fccadele edilecektir.<\/li>\n<\/ul>\n\n\n\n<ul class=\"wp-block-list\">\n<li>Ya\u015fanan Kahramanmara\u015f depremlerinin a\u00e7\u0131k\u00e7a g\u00f6sterdi\u011fi \u00fczere depremleri afete d\u00f6n\u00fc\u015ft\u00fcren deprem ger\u00e7e\u011fiyle uyu\u015fmayan uygulamalard\u0131r. Denetimsizlik ba\u015fta olmak \u00fczere yap\u0131la\u015fman\u0131n kontrols\u00fcz bir \u015fekilde s\u00fcrd\u00fcr\u00fclmesi, ka\u00e7ak yap\u0131la\u015fmalar, imar aflar\u0131, zeminle uyumsuz yap\u0131lar, tar\u0131m alanlar\u0131n\u0131n imara a\u00e7\u0131lmas\u0131, zemin et\u00fctleri ve yap\u0131 projelerinin kamusal denetim d\u0131\u015f\u0131 b\u0131rak\u0131lmas\u0131, etkin cezaland\u0131rmalar\u0131n olmay\u0131\u015f\u0131 gibi nedenlerle on binlerce canl\u0131y\u0131 yitirdik; milyonlarca insan\u0131n ya\u015fam\u0131 alt\u00fcst oldu; ekonomik kay\u0131plar \u00fclke ekonomisini felce u\u011fratt\u0131. Deprem \u00fclkesinde ya\u015fad\u0131\u011f\u0131m\u0131z ger\u00e7e\u011fini g\u00f6z ard\u0131 eden AKP- MHP iktidar\u0131n\u0131n sebep oldu\u011fu bu y\u0131k\u0131mlar\u0131n gelecekte de ya\u015fanmamas\u0131 i\u00e7in yukar\u0131da s\u0131ralad\u0131\u011f\u0131m\u0131z t\u00fcm \u00f6nlemlerin ivedilikle al\u0131nmas\u0131 gerekmektedir.<\/li>\n<\/ul>\n\n\n\n<ul class=\"wp-block-list\">\n<li>Depremden sonra b\u00f6lgede enkaz ve moloz y\u0131\u011f\u0131nlar\u0131n\u0131 kald\u0131rma i\u015flemleri plans\u0131z bir \u015fekilde yap\u0131lmaktad\u0131r. Enkaz kald\u0131rma i\u015flemleri s\u0131ras\u0131nda a\u00e7\u0131\u011fa \u00e7\u0131kan asbest yerel halk\u0131, hayvanlar\u0131, i\u015flem s\u0131ras\u0131nda \u00e7al\u0131\u015fan i\u015f\u00e7ileri, d\u00f6k\u00fcld\u00fckten sonra topra\u011f\u0131 zehirlemektedir. Bu demek oluyor ki, \u00e7ok y\u00f6nl\u00fc bir ekolojik y\u0131k\u0131mla kar\u015f\u0131 kar\u015f\u0131yay\u0131z. Ayr\u0131ca b\u00f6lgede hala yeralt\u0131nda hareketlilik olmas\u0131na ra\u011fmen yeniden kentle\u015fme i\u00e7in tar\u0131m arazilerinde in\u015faat \u00e7al\u0131\u015fmalar\u0131na ba\u015flanm\u0131\u015ft\u0131r. Enkaz kald\u0131rma i\u015flemleri ve in\u015faatlar durdurulmal\u0131, halk sa\u011fl\u0131\u011f\u0131 ve ekolojik y\u0131k\u0131m g\u00f6zetilerek ekolojiye uygun kentle\u015fme yap\u0131lmal\u0131d\u0131r.<\/li>\n<\/ul>\n\n\n\n<ul class=\"wp-block-list\">\n<li>Ya\u015fanan depremler g\u00f6stermi\u015ftir ki \u00fclkemizde \u00e7ok say\u0131da aktif fay bulunmaktad\u0131r. Ba\u015fta Akkuyu olmak \u00fczere Sinop ve \u0130\u011fneada dahil yap\u0131lan\/ yap\u0131lmas\u0131 projelendirilen t\u00fcm n\u00fckleer santraller, olu\u015facak \u00f6ng\u00f6r\u00fclemez b\u00fcy\u00fckl\u00fckteki depremler nedeniyle \u00e7ok geni\u015f co\u011frafyalar\u0131 ya\u015fanamaz hale getirme potansiyeline sahiptir. N\u00fckleer maceras\u0131ndan bir an \u00f6nce vazge\u00e7ilmelidir.&nbsp;<\/li>\n<\/ul>\n\n\n\n<ul class=\"wp-block-list\">\n<li>Sermayenin do\u011fay\u0131 talan\u0131, ya\u015fam alanlar\u0131n\u0131 geri d\u00f6n\u00fclemez bir \u015fekilde h\u0131zla yok ederek d\u00fcnyay\u0131 ya\u015fanamaz hale getirmektedir. Buna kar\u015f\u0131 meclise sunulmak \u00fczere YURTTA\u015e EKOKIRIM YASA TASARISI haz\u0131rlanm\u0131\u015ft\u0131r. EGE\u00c7EP olarak bu EKOKIRIM YASA TASARISINI destekliyor ve yayg\u0131nla\u015ft\u0131r\u0131lmas\u0131 i\u00e7in t\u00fcm \u00e7abay\u0131 g\u00f6sterece\u011fimizi vurguluyoruz.&nbsp;<\/li>\n<\/ul>\n\n\n\n<ul class=\"wp-block-list\">\n<li>Yakla\u015fan se\u00e7imlerde, \u201csiyasetin ekolojisi ve ekolojinin siyaseti\u201d konusunda EGE\u00c7EP g\u00f6r\u00fc\u015f\u00fcn\u00fcn olu\u015fturularak do\u011fam\u0131z\u0131n korunmas\u0131 i\u00e7in siyasi partilere \u00e7a\u011fr\u0131da bulunulacakt\u0131r.<\/li>\n<\/ul>\n\n\n\n<ul class=\"wp-block-list\">\n<li>Say\u0131lar\u0131 giderek artan ve bilimsel verilere ayk\u0131r\u0131 bir \u015fekilde i\u015fletilen jeotermal sondajlar ile jeotermal enerji santrallerine (JES) kar\u015f\u0131 etkin m\u00fccadele y\u00fcr\u00fct\u00fclmesine devam edilecektir.&nbsp;<\/li>\n<\/ul>\n\n\n\n<ul class=\"wp-block-list\">\n<li>B\u00f6lgemizde Kaz Da\u011flar\u0131, Madra Da\u011f\u0131, Murat Da\u011f\u0131, Efem\u00e7ukuru, Kozak Yaylas\u0131 ba\u015fta olmak \u00fczere \u00fclkemizin d\u00f6rt bir yan\u0131nda iktidar\u0131n da deste\u011fi ile kontrols\u00fcz bir \u015fekilde y\u00fcr\u00fct\u00fclerek do\u011fay\u0131 katleden vah\u015fi madencilik ve ta\u015f ocaklar\u0131n\u0131n faaliyetlerinin durdurulmas\u0131, bu durumda olan yerlerin toplumsal bask\u0131 olu\u015fturarak do\u011faya kazand\u0131r\u0131lmas\u0131 i\u00e7in m\u00fccadelemize devam edece\u011fiz.<\/li>\n<\/ul>\n\n\n\n<ul class=\"wp-block-list\">\n<li>Tar\u0131m ve orman alanlar\u0131ndaki ka\u00e7ak yap\u0131la\u015fmalar\u0131n \u00f6n\u00fcn\u00fcn al\u0131nmas\u0131, mevcut yap\u0131lar\u0131n bir an \u00f6nce y\u0131k\u0131larak tar\u0131ma ve ormanlara yeniden kazand\u0131r\u0131lmas\u0131 i\u00e7in \u00e7aba harcanmas\u0131 gerekmektedir. Meclise sevk edilmi\u015f olan orman talan\u0131 projesi kesinlikle yasala\u015fmamal\u0131d\u0131r.<\/li>\n<\/ul>\n\n\n\n<ul class=\"wp-block-list\">\n<li>Yer sars\u0131nt\u0131lar\u0131n\u0131n devam etti\u011fi deprem b\u00f6lgesinde, konut sorunu bahane edilerek tar\u0131m alanlar\u0131nda yap\u0131la\u015fma ba\u015flat\u0131lm\u0131\u015ft\u0131r. Bu ko\u015fullarda, sa\u011fl\u0131kl\u0131 konut \u00fcretilmesinin olanaks\u0131z oldu\u011fu ger\u00e7e\u011finden hareketle bu t\u00fcr yap\u0131la\u015fmadan ka\u00e7\u0131n\u0131lmal\u0131d\u0131r.<\/li>\n<\/ul>\n\n\n\n<ul class=\"wp-block-list\">\n<li><strong>300 konutu a\u015fan projeler i\u00e7in zorunlu olan \u00c7ED\u2019in yan\u0131 s\u0131ra,&nbsp; daha az konutlu projeler de \u00f6n incelemeli \u00c7ED\u2019e tabi olmal\u0131d\u0131r<\/strong>.<\/li>\n<\/ul>\n\n\n\n<ul class=\"wp-block-list\">\n<li>T\u00fcm canl\u0131lar i\u00e7in ya\u015famsal \u00f6neme sahip g\u0131da \u00fcr\u00fcnlerinin yeti\u015ftirildi\u011fi tar\u0131m alanlar\u0131n\u0131n sanayi b\u00f6lgeleri olarak ayr\u0131lmas\u0131 ve g\u00fcne\u015f enerjisi panellerinin tar\u0131m alanlar\u0131na yap\u0131lmas\u0131 g\u0131da \u00fcretimini azaltmakta sonu\u00e7 olarak g\u0131da krizine yol a\u00e7maktad\u0131r.&nbsp;<\/li>\n<\/ul>\n\n\n\n<ul class=\"wp-block-list\">\n<li>Son d\u00f6nemlerde sermaye, g\u00f6z\u00fcn\u00fc S\u0130T alanlar\u0131na dikmi\u015ftir. Onlar\u0131n destek\u00e7isi siyasal iktidar, rant\u0131 y\u00fcksek yerlerdeki S\u0130T derecelerini d\u00fc\u015f\u00fcrerek sermayeye yeni rant alanlar\u0131 hediye etmektedir. Bu kabul edilemez duruma bir an \u00f6nce son verilmelidir.<\/li>\n<\/ul>\n\n\n\n<ul class=\"wp-block-list\">\n<li>Ayval\u0131k\u2019\u0131n do\u011fal yap\u0131s\u0131n\u0131n korunmas\u0131 i\u00e7in yerinde y\u00fcr\u00fct\u00fclen direni\u015fe destek vermeye devam edece\u011fiz.<\/li>\n<\/ul>\n\n\n\n<ul class=\"wp-block-list\">\n<li>D\u00fcnyan\u0131n en verimli ovalar\u0131ndan birisini bar\u0131nd\u0131ran Gediz havzas\u0131, bir yandan kur\u015fun fabrikas\u0131, bir yandan nikel madenleri, bir yandan biyok\u00fctle santralleri taraf\u0131ndan h\u0131zla kirletilmekteyken son d\u00f6nemde neredeyse havzan\u0131n t\u00fcm\u00fcndeki al\u00fcvyonu yok edecek \u015fekilde toryum, zirkonyum ve olas\u0131l\u0131kla alt\u0131n \u00fcretmek i\u00e7in kaz\u0131lacakt\u0131r. Bu kabul edilemez giri\u015fimin \u00f6nlenmesi i\u00e7in EGE\u00c7EP, y\u00f6re halk\u0131 ve \u00f6rg\u00fctleriyle dayan\u0131\u015farak m\u00fccadele edecektir.<\/li>\n<\/ul>\n\n\n\n<ul class=\"wp-block-list\">\n<li>Yakla\u015f\u0131k 300.000 \u0130zmirlinin i\u00e7me suyunun sa\u011flamas\u0131 i\u00e7in planlanan \u00c7aml\u0131 Baraj\u0131, Efem\u00e7ukuru Alt\u0131n Madeni\u2019ne kurban edilirken, 130 km. uzakl\u0131ktaki G\u00f6rdes Baraj\u0131\u2019ndan \u0130zmir\u2019e su getirilerek o havzan\u0131n ve Marmara G\u00f6l\u00fc\u2019n\u00fcn hakk\u0131 olan su gasp edilmektedir.<\/li>\n<\/ul>\n\n\n\n<ul class=\"wp-block-list\">\n<li>Alt\u0131n madenleri ve suyun yanl\u0131\u015f kullan\u0131mlar\u0131 sonucu, Burhaniye\u2019de su sorunu ya\u015fanmaktad\u0131r ve musluklardan tuzlu su akmaya ba\u015flam\u0131\u015ft\u0131r. \u00d6zellikle T\u00fcmad Alt\u0131n Madeninin, Burhaniye su havzalar\u0131na olumsuz etkisi, su s\u0131k\u0131nt\u0131s\u0131n\u0131 daha da artt\u0131rmaktad\u0131r. Bu kabul edilemez duruma kar\u015f\u0131 m\u00fccadele edilecektir.<\/li>\n<\/ul>\n\n\n\n<ul class=\"wp-block-list\">\n<li>Bir yandan iktidar di\u011fer yandan \u0130zmir B\u00fcy\u00fck\u015fehir Belediyesi, Bergama\u2019da meralar\u0131, zeytinlikleri ve tar\u0131m alanlar\u0131n\u0131, organize sanayi b\u00f6lgesi, millet bah\u00e7esi ve madenlere a\u00e7makta Bergama\u2019y\u0131 ya\u015fanmaz hale getirmektedir. EGE\u00c7EP, gerek Bergama ve gerekse b\u00f6lgedeki benzer di\u011fer uygulamalara kar\u015f\u0131 m\u00fccadele edecektir.<\/li>\n<\/ul>\n\n\n\n<ul class=\"wp-block-list\">\n<li>\u00dclkemiz, kullanmakta oldu\u011fumuz maksimum enerjinin iki kat\u0131ndan fazla kurulu g\u00fcce sahiptir. Buna kar\u015f\u0131n hala yeni santraller kurulmaktad\u0131r. EGE\u00c7EP, bunun nedeninin sermayeye kaynak aktarmak oldu\u011fu g\u00f6r\u00fc\u015f\u00fcndedir. Daha fazla santral kurulmas\u0131ndan vazge\u00e7ilmeli, enerji, kamusal ve yerel olmal\u0131d\u0131r.&nbsp;<\/li>\n<\/ul>\n\n\n\n<ul class=\"wp-block-list\">\n<li>\u00dclkenin enerji ihtiyac\u0131 var diyerek ba\u015fta Ege b\u00f6lgesi olmak \u00fczere en verimli tar\u0131m alanlar\u0131, enerji \u015firketlerine devrediliyor. \u00dclkenin b\u00fct\u00fcn da\u011flar\u0131 madenci \u015firketlere para kazand\u0131rmak i\u00e7in maden sahas\u0131 ilan ediliyor. 2020 y\u0131l\u0131nda 508 bin 862 hektar alan madenlere a\u00e7\u0131ld\u0131 ve ruhsat verildi. 2020 y\u0131l\u0131 itibar\u0131yla T\u00fcrkiye&#8217;de maden arama ruhsat sahalar\u0131n\u0131n toplam alan\u0131 7 milyon 709 bin 205 hektar olarak a\u00e7\u0131kland\u0131. Yaln\u0131zca Ayd\u0131n&#8217;da 264 maden arama ve i\u015fletme ruhsat\u0131 bulunuyor.&nbsp;<\/li>\n<\/ul>\n\n\n\n<ul class=\"wp-block-list\">\n<li>Turizm bahanesiyle \u00c7e\u015fme Yar\u0131madas\u0131\u2019n\u0131n ya\u011fmalanmas\u0131na kar\u015f\u0131, yar\u0131madan\u0131n do\u011fal ve k\u00fclt\u00fcrel de\u011ferlerinin korunmas\u0131 m\u00fccadelemizi \u015fimdiye kadar oldu\u011fu gibi s\u00fcrd\u00fcrece\u011fiz.<\/li>\n<\/ul>\n\n\n\n<ul class=\"wp-block-list\">\n<li>Bat\u0131 Anadolu\u2019nun su ve ya\u015fam kayna\u011f\u0131 olan Muratda\u011f\u0131\u2019ndaki alt\u0131n madeni projelerine kar\u015f\u0131 y\u00fcr\u00fct\u00fclen m\u00fccadeleye destek vermeye devam edece\u011fiz.<\/li>\n<\/ul>\n\n\n\n<ul class=\"wp-block-list\">\n<li>G\u0131da krizine kar\u015f\u0131 \u00e7ok \u00f6nemli bir g\u0131da ve \u00f6nemli bir do\u011fal bitki \u00f6rt\u00fcs\u00fc olan zeytinliklerin madencilik ve di\u011fer y\u0131k\u0131c\u0131 faaliyetlere a\u00e7\u0131lmas\u0131na kar\u015f\u0131 direnmeye devam edece\u011fiz, bu kapsamda Akbelen Direni\u015fini selaml\u0131yoruz.&nbsp; #AkbelenOrman\u0131n\u0131Vermeyece\u011fiz<\/li>\n<\/ul>\n\n\n\n<ul class=\"wp-block-list\">\n<li>Demir \u00e7elik fabrikalar\u0131, gemi s\u00f6k\u00fcm tesisleri, termik santral ve di\u011fer \u00e7ok yo\u011fun kirleticilerle b\u00f6lgemizdeki \u00e7evre sa\u011fl\u0131\u011f\u0131 ve canl\u0131 ya\u015fam\u0131 i\u00e7in b\u00fcy\u00fck risk yaratan, iklim krizine ciddi katk\u0131lar\u0131 olan Alia\u011fa d\u00fcnyan\u0131n \u00e7\u00f6pl\u00fc\u011f\u00fc haline gelmi\u015ftir. Alia\u011fa\u2019da kirletici end\u00fcstriye kar\u015f\u0131 ya\u015fam\u0131 savunmaya devam edece\u011fiz.&nbsp;&nbsp;&nbsp;<\/li>\n<\/ul>\n\n\n\n<ul class=\"wp-block-list\">\n<li>At\u0131k ticaretinin yasaklanmas\u0131 i\u00e7in \u00fclkemizdeki ve yurt d\u0131\u015f\u0131ndaki ekoloji \u00f6rg\u00fctleri ile kampanyalar y\u00fcr\u00fctece\u011fiz.<\/li>\n<\/ul>\n\n\n\n<ul class=\"wp-block-list\">\n<li>Ege Denizi\u2019nin korunmas\u0131, bar\u0131\u015f denizi olmas\u0131 i\u00e7in suyun \u00f6teki yakas\u0131 Yunanistan\u2019daki ekoloji \u00f6rg\u00fctleriyle ortak \u00e7al\u0131\u015fmalar yapaca\u011f\u0131z.<\/li>\n<\/ul>\n\n\n\n<ul class=\"wp-block-list\">\n<li>Ba\u015fta Marmara G\u00f6l\u00fc (G\u00f6lmarmara) ve \u00c7alt\u0131dere Sulak Alan\u0131 olmak \u00fczere hem b\u00f6lgemizde hem de \u00fclkenin bir\u00e7ok yerinde kuruyan\/kurutulan g\u00f6ller ve sulak alanlar, bir yandan kurakl\u0131\u011fa neden olurken di\u011fer yandan da canl\u0131 ya\u015fam\u0131na say\u0131s\u0131z olumsuz etkileri bulunmaktad\u0131r. Bu g\u00f6ller ve sulak alanlar, yeniden canland\u0131r\u0131lmal\u0131d\u0131r.<\/li>\n<\/ul>\n\n\n\n<ul class=\"wp-block-list\">\n<li>\u0130zmir\u2019in \u00c7ernobili olarak da bilinen Gaziemir\u2019de eski kur\u015fun fabrikas\u0131 bah\u00e7esinde g\u00f6m\u00fcl\u00fc halde bulunan radyoaktivite bula\u015f\u0131kl\u0131 tehlikeli at\u0131klar \u0130zmirlilerin sa\u011fl\u0131\u011f\u0131 i\u00e7in tehlike sa\u00e7maya devam etmekte, b\u00fct\u00fcn giri\u015fimlere ra\u011fmen sorumlular hakk\u0131nda herhangi bir i\u015flem yap\u0131lmad\u0131\u011f\u0131 gibi at\u0131klar\u0131n temizlenmesi konusunda herhangi bir i\u015flem yap\u0131lmam\u0131\u015ft\u0131r. Son d\u00f6nemde ortaya at\u0131lan Ekovar adl\u0131 \u015firketin projesinin de ne oldu\u011fu bilinmemektedir<\/li>\n<\/ul>\n\n\n\n<ul class=\"wp-block-list\">\n<li>Her ge\u00e7en g\u00fcn say\u0131s\u0131 artan bal\u0131k \u00e7iftlikleriyle beraber denizlerimiz kirletiliyor ve bir anlamda \u00f6zelle\u015ftiriliyor. Bal\u0131k \u00e7iftlikleri denizlerin kirlenmesine neden oldu\u011fu gibi GDO\u2019lu yemlerle ve kimyasal maddelerle beslenen bal\u0131klar t\u00fcketenler \u00fczerinde sa\u011fl\u0131k sorunlar\u0131na da neden olabilmektedir.&nbsp;<\/li>\n<\/ul>\n\n\n\n<ul class=\"wp-block-list\">\n<li>\u0130klim krizinin bir sonucu olarak kurakl\u0131k ve su k\u0131tl\u0131\u011f\u0131 ya\u015famsal tehditlerin en \u00f6nemlilerinden birini olu\u015fturmaktad\u0131r. Nehir ve akarsular \u00fczerinde kurulan HES\u2019ler ve su kaynaklar\u0131n\u0131 olu\u015fturan ormanlar\u0131n madenciler eliyle yok edilmesi sonucu temiz su kaynaklar\u0131 her ge\u00e7en y\u0131l giderek azalmaktad\u0131r. A\u011f\u0131rl\u0131kl\u0131 olarak tar\u0131m alan\u0131nda ve sanayide kullan\u0131lan su kaynaklar\u0131 ayn\u0131 zamanda kirletilmektedir.&nbsp; Su krizinin ya\u015fanmaya ba\u015fland\u0131\u011f\u0131 b\u00f6ylesi bir d\u00f6nemde gelecek i\u00e7in hayati \u00f6neme sahip sulak alanlar yap\u0131lan y\u00f6netmelik de\u011fi\u015fikli\u011fi ile korunmak yerine imara a\u00e7\u0131lmaktad\u0131r.&nbsp;<\/li>\n<\/ul>\n\n\n\n<ul class=\"wp-block-list\">\n<li>Gelecek ku\u015faklara verdi\u011fimiz daha ya\u015fan\u0131las\u0131 d\u00fcnya s\u00f6z\u00fcm\u00fcz, ancak bizlerden sonraki ku\u015faklarla yerine getirilebilir. EGE\u00c7EP, gen\u00e7lerin verdikleri ya\u015fam m\u00fccadelesini her zaman destekleyecek ve gen\u00e7ler ile birlikte y\u00fcr\u00fcyecektir. EGE\u00c7EP Gen\u00e7lik Meclisi\u2019nin daha aktif hale gelmesi bir zorunluluktur.<\/li>\n<\/ul>\n\n\n\n<p>B\u00fct\u00fcn bu geli\u015fmeler kar\u015f\u0131s\u0131nda d\u00fcnyan\u0131n ba\u015fka yerlerinde ve \u00fclkemizde ekoloji m\u00fccadelesi veren di\u011fer ekoloji \u00f6rg\u00fctleriyle ortak m\u00fccadele kanallar\u0131n\u0131n olu\u015fturulmas\u0131 bug\u00fcn en \u00f6nemli at\u0131lacak ad\u0131md\u0131r.<\/p>\n\n\n\n<p>T\u00fcrkiye, Yunanistan ve K\u0131br\u0131s ekoloji \u00f6rg\u00fctlerinin Do\u011fu Akdeniz\u2019deki petrol ve do\u011falgaz arama giri\u015fimlerine kar\u015f\u0131 ba\u015flatt\u0131klar\u0131 \u201cKazma B\u0131rak\u201d kampanyas\u0131n\u0131, ortak m\u00fccadelenin geli\u015ftirilmesi a\u00e7\u0131s\u0131ndan \u00f6nemli bir ad\u0131m olarak g\u00f6rmekteyiz.<\/p>\n\n\n\n<p>Ekolojik m\u00fccadele, ayn\u0131 zamanda canl\u0131 ya\u015fam\u0131n\u0131n korunmas\u0131 m\u00fccadelesidir. G\u00fcn\u00fcm\u00fcz ve gelece\u011fimizde daha \u00e7ok \u00f6ne \u00e7\u0131kacak ya\u015fam alanlar\u0131n\u0131n korunmas\u0131 m\u00fccadelesinin daha \u00f6rg\u00fctl\u00fc s\u00fcrd\u00fcr\u00fclmesi i\u00e7in EGE\u00c7EP ve bile\u015fenleri, \u00fczerlerine d\u00fc\u015fen sorumlulu\u011fu yerine getirme konusunda kararl\u0131d\u0131r.<\/p>\n\n\n\n<p>EGE\u00c7EP ve Bile\u015fenler olarak bizlerin do\u011fan\u0131n sahibi de\u011fil, sadece bir par\u00e7as\u0131 oldu\u011fumuz, insanlar\u0131n oldu\u011fu kadar di\u011fer canl\u0131lar\u0131n da ya\u015fama hakk\u0131 oldu\u011fu bilinciyle, yaban hayat\u0131n\u0131n ve do\u011fan\u0131n korunmas\u0131 i\u00e7in her t\u00fcrl\u00fc demokratik ve hukuksal m\u00fccadelemizi kararl\u0131l\u0131kla s\u00fcrd\u00fcrece\u011fimizi kamuoyu ile payla\u015f\u0131yoruz.<\/p>\n\n\n\n<p>Do\u011fadan, ya\u015famdan yana olan b\u00fct\u00fcn kesimleri ekolojik sorunlara duyarl\u0131 olmaya ve birlikte m\u00fccadeleye \u00e7a\u011f\u0131r\u0131yoruz.<\/p>\n\n\n\n<p>&nbsp;&nbsp;&nbsp;&nbsp;&nbsp;&nbsp;&nbsp;&nbsp;&nbsp;&nbsp;&nbsp;&nbsp;&nbsp;&nbsp;&nbsp;&nbsp; E\u015eS\u00d6ZC\u00dcLER<\/p>\n\n\n\n<p>&nbsp;&nbsp;&nbsp; Seval&nbsp; EK\u015e\u0130C\u0130&nbsp;&nbsp;&nbsp; &nbsp;&nbsp;&nbsp;&nbsp;&nbsp;&nbsp;&nbsp;&nbsp;&nbsp;&nbsp;&nbsp;&nbsp;&nbsp; S\u00fcleyman ERYILMAZ<\/p>\n\n\n\n<p>0 552 856 23 76&nbsp;&nbsp;&nbsp;&nbsp; &nbsp;&nbsp;&nbsp;&nbsp;&nbsp;&nbsp;&nbsp;&nbsp;&nbsp; &nbsp;&nbsp;&nbsp;&nbsp;&nbsp;&nbsp;0532 353 64 15<\/p>\n","protected":false},"excerpt":{"rendered":"<p>EGE\u00c7EP 17. B\u0130LE\u015eENLER KURULTAYI SONU\u00c7 B\u0130LD\u0130RGES\u0130 &#8220;EKOKIRIM SU\u00c7TUR; DO\u011eA AFFETMEZ!\u201d slogan\u0131yla, 4 Mart 2023 tarihinde toplanan EGE\u00c7EP 17.&nbsp; Bile\u015fenler Kurultay\u0131m\u0131z,<\/p>\n","protected":false},"author":1,"featured_media":333,"comment_status":"open","ping_status":"open","sticky":false,"template":"","format":"standard","meta":{"colormag_page_container_layout":"default_layout","colormag_page_sidebar_layout":"default_layout","footnotes":""},"categories":[3,4],"tags":[],"class_list":["post-332","post","type-post","status-publish","format-standard","has-post-thumbnail","hentry","category-basin-aciklamalari","category-genel"],"_links":{"self":[{"href":"https:\/\/egecep.org.tr\/index.php\/wp-json\/wp\/v2\/posts\/332","targetHints":{"allow":["GET"]}}],"collection":[{"href":"https:\/\/egecep.org.tr\/index.php\/wp-json\/wp\/v2\/posts"}],"about":[{"href":"https:\/\/egecep.org.tr\/index.php\/wp-json\/wp\/v2\/types\/post"}],"author":[{"embeddable":true,"href":"https:\/\/egecep.org.tr\/index.php\/wp-json\/wp\/v2\/users\/1"}],"replies":[{"embeddable":true,"href":"https:\/\/egecep.org.tr\/index.php\/wp-json\/wp\/v2\/comments?post=332"}],"version-history":[{"count":3,"href":"https:\/\/egecep.org.tr\/index.php\/wp-json\/wp\/v2\/posts\/332\/revisions"}],"predecessor-version":[{"id":336,"href":"https:\/\/egecep.org.tr\/index.php\/wp-json\/wp\/v2\/posts\/332\/revisions\/336"}],"wp:featuredmedia":[{"embeddable":true,"href":"https:\/\/egecep.org.tr\/index.php\/wp-json\/wp\/v2\/media\/333"}],"wp:attachment":[{"href":"https:\/\/egecep.org.tr\/index.php\/wp-json\/wp\/v2\/media?parent=332"}],"wp:term":[{"taxonomy":"category","embeddable":true,"href":"https:\/\/egecep.org.tr\/index.php\/wp-json\/wp\/v2\/categories?post=332"},{"taxonomy":"post_tag","embeddable":true,"href":"https:\/\/egecep.org.tr\/index.php\/wp-json\/wp\/v2\/tags?post=332"}],"curies":[{"name":"wp","href":"https:\/\/api.w.org\/{rel}","templated":true}]}}