{"id":343,"date":"2023-04-22T12:50:43","date_gmt":"2023-04-22T12:50:43","guid":{"rendered":"http:\/\/egecep.org.tr\/?p=343"},"modified":"2023-04-22T12:50:44","modified_gmt":"2023-04-22T12:50:44","slug":"22-nisan-dunya-gunu","status":"publish","type":"post","link":"https:\/\/egecep.org.tr\/index.php\/2023\/04\/22\/22-nisan-dunya-gunu\/","title":{"rendered":"22 N\u0130SAN D\u00dcNYA G\u00dcN\u00dc"},"content":{"rendered":"\n<p><\/p>\n\n\n\n<p>68 ku\u015fa\u011f\u0131, sivil haklar\u0131 talep etmeleri ve n\u00fckleer denemelerden kaynaklanan radyasyon ile pestisitler ba\u015fta olmak \u00fczere o g\u00fcnden bug\u00fcne hala birikerek b\u00fcy\u00fcyen kirleticilerin ekolojiye verdi\u011fi zararlara dikkat \u00e7ekmek i\u00e7in \u00fcniversite \u00f6\u011frencilerinin s\u0131nav tarihlerinin ortas\u0131na denk gelen 22 Nisan\u2019\u0131 D\u00fcnya G\u00fcn\u00fc ilan ettiler. Wisconsin Senat\u00f6r\u00fc <a href=\"https:\/\/tr.wikipedia.org\/w\/index.php?title=Gaylord_Nelson&amp;action=edit&amp;redlink=1\">Gaylord Nelson<\/a>\u2019un deste\u011fiyle ve y\u00fcksek lisans \u00f6\u011frencisi <a href=\"https:\/\/tr.wikipedia.org\/w\/index.php?title=Denis_Hayes&amp;action=edit&amp;redlink=1\">Denis Hayes<\/a>&#8216;in \u00f6nc\u00fcl\u00fc\u011f\u00fcnde ABD\u2019de 20 milyon insan taraf\u0131ndan ilk defa 22 Nisan 1970 tarihinde D\u00fcnya G\u00fcn\u00fc kutland\u0131.<\/p>\n\n\n\n<p>21 Nisan 2009\u2019da \u0130zmir, Bergama&#8217;daki Ovac\u0131k Alt\u0131n Madenine verilen \u00c7ED belgesinin iptali i\u00e7in Kozak yaylas\u0131ndan 15 k\u00f6y, Ayval\u0131k \u0130l\u00e7esine ba\u011fl\u0131 bir k\u00f6y ile Ege \u00c7evre ve K\u00fclt\u00fcr Platformu (EGE\u00c7EP), \u00c7a\u011fda\u015f Hukuk\u00e7ular Derne\u011fi (\u00c7HD) ve T\u00fcrk M\u00fchendis ve Mimar Odalar\u0131 Birli\u011fine (TMMOB) ba\u011fl\u0131 meslek odalar\u0131, \u0130zmir N\u00f6bet\u00e7i \u0130dare Mahkemesi\u2019ne dilek\u00e7e vererek dava a\u00e7t\u0131. Ertesi g\u00fcn ise D\u00fcnya G\u00fcn\u00fc\u2019n\u00fcn 39\u2019uncu y\u0131ld\u00f6n\u00fcm\u00fc idi. Bu y\u0131l 53\u2019\u00fcnc\u00fc y\u0131ld\u00f6n\u00fcm\u00fc ve Bergama Direni\u015finin birikimi ile \u0130kizk\u00f6y, Akbelen Orman\u0131\u2019n\u0131 vermemek i\u00e7in 644 g\u00fcnd\u00fcr direniyor.<\/p>\n\n\n\n<p>Kapitalizmin beraberinde getirdi\u011fi k\u00fcresel \u0131s\u0131nma, iklim krizi ve \u00e7evre kirlili\u011fi sorunlar\u0131n\u0131n politika ile ili\u015fkisini ABD Ba\u015fkan\u0131 George W. Bush\u2019un Kyoto S\u00f6zle\u015fmesi ard\u0131ndan s\u00f6yledi\u011fi \u201cKampanyadan beri \u015fartlar de\u011fi\u015fti. \u015eu an enerji krizi ya\u015f\u0131yoruz. Bu y\u00fczden \u015fu anda karbondioksit sal\u0131m\u0131 konusunda zorunlu bir \u00fcst s\u0131n\u0131r koyamam.\u201d s\u00f6zleri ile a\u00e7\u0131k\u00e7a g\u00f6r\u00fcyoruz. G\u00fcn\u00fcm\u00fcz \u015fartlar\u0131n\u0131n gereklili\u011fi \u00fczerine ya\u015fam savunucular\u0131n\u0131n siyasetin i\u00e7inde yer almalar\u0131 zorunlu hale gelmi\u015ftir.<\/p>\n\n\n\n<p>6 \u015eubat\u2019ta \u201cimar aff\u0131\u201d ile y\u00fcz binlerce insan\u0131n katledildi, do\u011fal bir olay afet haline getirildi. Hala asbest sa\u00e7\u0131ld\u0131\u011f\u0131 bilinmesine ra\u011fmen kald\u0131r\u0131lmaya devam edilen molozlar\u0131n zeytinliklere d\u00f6k\u00fclmesi ve tar\u0131m arazilerinin, ormanlar\u0131n in\u015faata a\u00e7\u0131lmas\u0131 ekok\u0131r\u0131m su\u00e7unun en g\u00fcncel \u00f6rne\u011fidir. Metalik madencilik i\u00e7in yap\u0131lan talan verimli topraklar\u0131n yok edilmesi ile ya\u015fam\u0131n ge\u00e7mi\u015fini, \u015fu an\u0131n\u0131 gasp etmekte ve gelece\u011fini ise \u00e7almaktad\u0131r. Akkuyu n\u00fckleer enerji tesisi, bulundu\u011fu konum itibari ile Akdeniz\u2019i etkileyebilecek bir fay hatt\u0131n\u0131n dibinde kurulmakta ve gelecek g\u00fcnlerde tesise n\u00fckleer yak\u0131t\u0131n getirilece\u011fini biliyoruz, ge\u00e7mi\u015f deneyimlerimizden aksi bir durumda neler olabilece\u011fini tahmin edebiliyoruz. Ekok\u0131r\u0131m su\u00e7u ya\u015fam\u0131n\u0131n her an\u0131n\u0131 ve s\u0131n\u0131r tan\u0131madan etkilemektedir. Ekok\u0131r\u0131m Su\u00e7unun tan\u0131nmas\u0131 ve yasalla\u015fmas\u0131 i\u00e7in biz ya\u015fam savunucular\u0131na b\u00fcy\u00fck bir g\u00f6rev d\u00fc\u015fmektedir.<\/p>\n\n\n\n<p>Ya\u015fam i\u00e7in y\u0131k\u0131c\u0131lar\u0131 i\u015faret eden D\u00fcnya G\u00fcn\u00fc\u2019nde daha ya\u015fan\u0131las\u0131 bir gelecek i\u00e7in m\u00fccadele edenleri selaml\u0131yoruz. Sevgiyle, m\u00fccadeleyle, dayan\u0131\u015fmayla!<\/p>\n\n\n\n<p>&nbsp;&nbsp;&nbsp;&nbsp;&nbsp;&nbsp;&nbsp;&nbsp;&nbsp;&nbsp;&nbsp;&nbsp;&nbsp;&nbsp;&nbsp;&nbsp; E\u015eS\u00d6ZC\u00dcLER<\/p>\n\n\n\n<p>&nbsp;&nbsp;&nbsp; Seval EK\u0130C\u0130&nbsp;&nbsp;&nbsp;&nbsp;&nbsp; &nbsp;&nbsp;&nbsp;&nbsp;&nbsp;&nbsp;&nbsp;&nbsp;&nbsp;&nbsp;&nbsp;&nbsp;&nbsp;&nbsp; S\u00fcleyman ERYILMAZ<\/p>\n\n\n\n<p>0 552 856 23 76&nbsp;&nbsp;&nbsp;&nbsp; &nbsp;&nbsp;&nbsp;&nbsp;&nbsp;&nbsp;&nbsp;&nbsp;&nbsp; &nbsp;&nbsp;&nbsp;&nbsp;&nbsp;&nbsp;0532 353 64 15<\/p>\n\n\n\n<p>&nbsp;&nbsp;&nbsp;&nbsp;&nbsp;&nbsp;&nbsp;&nbsp;&nbsp;&nbsp;&nbsp;&nbsp;&nbsp;&nbsp;&nbsp;&nbsp;&nbsp;&nbsp; <a href=\"http:\/\/www.egecep.org.tr\/\">www.egecep.org.tr<\/a><\/p>\n","protected":false},"excerpt":{"rendered":"<p>68 ku\u015fa\u011f\u0131, sivil haklar\u0131 talep etmeleri ve n\u00fckleer denemelerden kaynaklanan radyasyon ile pestisitler ba\u015fta olmak \u00fczere o g\u00fcnden bug\u00fcne hala<\/p>\n","protected":false},"author":1,"featured_media":0,"comment_status":"open","ping_status":"open","sticky":false,"template":"","format":"standard","meta":{"colormag_page_container_layout":"default_layout","colormag_page_sidebar_layout":"default_layout","footnotes":""},"categories":[3,4,14],"tags":[],"class_list":["post-343","post","type-post","status-publish","format-standard","hentry","category-basin-aciklamalari","category-genel","category-tum-yazilar"],"_links":{"self":[{"href":"https:\/\/egecep.org.tr\/index.php\/wp-json\/wp\/v2\/posts\/343","targetHints":{"allow":["GET"]}}],"collection":[{"href":"https:\/\/egecep.org.tr\/index.php\/wp-json\/wp\/v2\/posts"}],"about":[{"href":"https:\/\/egecep.org.tr\/index.php\/wp-json\/wp\/v2\/types\/post"}],"author":[{"embeddable":true,"href":"https:\/\/egecep.org.tr\/index.php\/wp-json\/wp\/v2\/users\/1"}],"replies":[{"embeddable":true,"href":"https:\/\/egecep.org.tr\/index.php\/wp-json\/wp\/v2\/comments?post=343"}],"version-history":[{"count":1,"href":"https:\/\/egecep.org.tr\/index.php\/wp-json\/wp\/v2\/posts\/343\/revisions"}],"predecessor-version":[{"id":344,"href":"https:\/\/egecep.org.tr\/index.php\/wp-json\/wp\/v2\/posts\/343\/revisions\/344"}],"wp:attachment":[{"href":"https:\/\/egecep.org.tr\/index.php\/wp-json\/wp\/v2\/media?parent=343"}],"wp:term":[{"taxonomy":"category","embeddable":true,"href":"https:\/\/egecep.org.tr\/index.php\/wp-json\/wp\/v2\/categories?post=343"},{"taxonomy":"post_tag","embeddable":true,"href":"https:\/\/egecep.org.tr\/index.php\/wp-json\/wp\/v2\/tags?post=343"}],"curies":[{"name":"wp","href":"https:\/\/api.w.org\/{rel}","templated":true}]}}