{"id":357,"date":"2023-05-17T19:18:33","date_gmt":"2023-05-17T19:18:33","guid":{"rendered":"http:\/\/egecep.org.tr\/?p=357"},"modified":"2023-05-17T19:18:34","modified_gmt":"2023-05-17T19:18:34","slug":"yarin-trafo-kesfi","status":"publish","type":"post","link":"https:\/\/egecep.org.tr\/index.php\/2023\/05\/17\/yarin-trafo-kesfi\/","title":{"rendered":"YARIN TRAFO KE\u015eF\u0130"},"content":{"rendered":"\n<p>BAYRAKLI ADALET MAHALLES\u0130 25144 ADA 2 PARSELDE TE\u0130A\u015e TARAFINDAN 24,8 METRE Y\u00dcKSEL\u0130\u011e\u0130NDE 154 B\u0130N KWA LIK G\u0130S TRAFO-ELEKTR\u0130K \u0130ND\u0130RME MERKEZ\u0130 YAPILMASINA OLANAK SA\u011eLAYAN NAZIM \u0130MAR PLAN&nbsp; REV\u0130ZYONUNUN \u0130PTAL\u0130 DAVASININ YARIN (18 MAYIS PER\u015eEMBE) SAAT 09.30\u2019DAN SONRA KE\u015eF\u0130 VAR<\/p>\n\n\n\n<p>30 Ekim 2020 tarihinde meydana gelen, 117 insan\u0131n ya\u015fam\u0131n\u0131 yitirdi\u011fi ve Bayrakl\u0131 il\u00e7esinde b\u00fcy\u00fck bir y\u0131k\u0131ma yol a\u00e7an depremden Adalet Mahallesi b\u00f6lgesi de \u00e7ok fazla etkilenmi\u015fti. Daha sonra depremde y\u0131k\u0131lan yap\u0131lar\u0131n yerinde yeni in\u015faatlar\u0131n yo\u011fun \u015fekilde devam etti\u011fi 2021 y\u0131l\u0131 Mart ay\u0131 ba\u015flar\u0131nda, farkl\u0131 bir yap\u0131n\u0131n in\u015faat\u0131na ba\u015fland\u0131\u011f\u0131 g\u00f6zlemlenmi\u015fti.&nbsp; Yap\u0131lan ara\u015ft\u0131rmalar sonucunda s\u00f6z konusu in\u015faat\u0131n, TE\u0130A\u015e taraf\u0131ndan yap\u0131lan &#8221;154 kV Piyale GIS Trafo Merkezi&#8221; in\u015faat\u0131 oldu\u011fu ortaya \u00e7\u0131km\u0131\u015ft\u0131.<\/p>\n\n\n\n<p>\u00c7evresindeki binalara uzakl\u0131\u011f\u0131 en fazla 10 metre olan ve 24 metre dikey y\u00fcksekli\u011fe sahip olan trafo merkezi in\u015faat\u0131,&nbsp; b\u00f6lgede ya\u015fayan&nbsp; yurtta\u015flar\u0131 fazlas\u0131yla endi\u015felendirmi\u015fti. Halk sa\u011fl\u0131\u011f\u0131 i\u00e7in ciddi tehdit olu\u015fturacak Trafo \u0130zmir\u2019in g\u00fcndemine oturmu\u015ftu.&nbsp; Pop\u00fcler bir konu haline gelen olayla ilgili Bayrakl\u0131 Belediye Ba\u015fkan\u0131, \u0130zmir B\u015eB Ba\u015fkan\u0131, \u0130ktidar ve muhalefet partilerinin milletvekilleri, soruna \u00e7\u00f6z\u00fcm bulunaca\u011f\u0131, trafonun oraya yap\u0131lmayaca\u011f\u0131 s\u00f6zlerini vermi\u015flerdi.<\/p>\n\n\n\n<p>Tepkiler ve s\u00f6zler in\u015faat\u0131n durmas\u0131n\u0131 sa\u011flad\u0131, sorunun temelden \u00e7\u00f6z\u00fcm\u00fc, trafonun ba\u015fka yere kayd\u0131r\u0131lmas\u0131, depremde \u00e7ad\u0131r kent haline gelen alan\u0131n ye\u015fil alan olmas\u0131 beklenirken Naz\u0131m \u0130mar Plan Revizyonunda yine \u201cResmi Kurum Alan\u0131 (TE\u0130A\u015e Hizmet Alan\u0131\u201d olarak belirlendi. Bunun \u00fczerine itirazlar yap\u0131ld\u0131, itirazlar\u0131 Bayrakl\u0131 Belediye Meclisi kabul etti, \u0130zmir B\u015eB Meclisi ak\u0131l almaz \u015fekilde reddetti.<\/p>\n\n\n\n<p>\u0130tirazlar\u0131 reddedilen Trafo alan\u0131na biti\u015fik binalarda oturan 19 yurtta\u015f \u0130zmir B\u015eB.ne kar\u015f\u0131 iptal davas\u0131 a\u00e7mak zorunda kald\u0131.&nbsp; &#8220;Bayrakl\u0131 \u0130l\u00e7esi s\u0131n\u0131rlar\u0131 i\u00e7inde Adalet ve Menavkuyu Mahallerini kapsayan 1\/5000 \u00f6l\u00e7ekli Naz\u0131m \u0130mar Plan\u0131&nbsp; Revizyonuna &#8220;\u0130zmir ili Bayrakl\u0131 il\u00e7esi Salhane (Adalet) Mahallesi 25144 ada 2 nolu parselin \u201cResmi Kurum Alan\u0131 (TE\u0130A\u015e Hizmet Alan\u0131\u201d&nbsp; olarak belirlenmesine davac\u0131lar\u0131n&nbsp; yapt\u0131klar\u0131&nbsp; itirazlar\u0131n uygun bulunmamas\u0131na dair, \u0130zmir B\u00fcy\u00fck\u015fehir Belediye Ba\u015fkanl\u0131\u011f\u0131 \u0130mar ve \u015eehircilik Daire Ba\u015fkanl\u0131\u011f\u0131&#8217;n\u0131n 20.10.2022 tarihli ve 997595 say\u0131l\u0131 yaz\u0131s\u0131 ile bildirilen&nbsp; &#8220;\u0130zmir B\u00fcy\u00fck\u015fehir Belediye Meclisi&#8217;nin 16.09.2022 tarih ve 05.1110 say\u0131l\u0131 karar\u0131&#8221;n\u0131n iptali davas\u0131 a\u00e7\u0131ld\u0131.<\/p>\n\n\n\n<p>\u0130zmir 3.\u0130dare Mahkemesi\u2019nin 2022\/2200 Esas\u0131na kay\u0131tl\u0131 dava dosyas\u0131ndan yar\u0131n (18 May\u0131s Per\u015fembe) saat 09.30\u2019dan sonra \u015eehir Planc\u0131s\u0131, Mimar ve \u00c7evre M\u00fchendisinden olu\u015fan 3 ki\u015filik Bilirki\u015fi heyeti ile birlikte ke\u015fif yap\u0131lacakt\u0131r.<\/p>\n\n\n\n<p>Kent hakk\u0131n\u0131n, sa\u011fl\u0131kl\u0131 ve dengeli bir \u00e7evrede ya\u015fama hakk\u0131n\u0131n korunmas\u0131na ili\u015fkin bu dava, sadece Bayram Arslan Sitesi ve Pamir Evleri Sitesi sakinlerinin haklar\u0131n\u0131 ilgilendirmiyor.<\/p>\n\n\n\n<p>\u0130zmir\u2019in kent ve \u00e7evre hareketlerini, uzman meslek odalar\u0131n\u0131 ve \u00fcniversitelerin uzmanl\u0131k b\u00f6l\u00fcmlerini, duyarl\u0131 \u0130zmirlileri davam\u0131zla ve yar\u0131nki ke\u015fifle ilgilenmeye, davam\u0131za m\u00fcdahil olmaya davet ediyoruz.17.05.2023<\/p>\n\n\n\n<p><strong><u>Ke\u015fif&nbsp; Mahalli<\/u><\/strong><\/p>\n\n\n\n<p>Adalet Mahallesi 1593\/3 Sokak No:12 Bayrakl\u0131\/\u0130ZM\u0130R<\/p>\n\n\n\n<p><strong><u>\u0130LET\u0130\u015e\u0130M<\/u><\/strong><\/p>\n\n\n\n<p><strong>Faruk Yan\u0131k &nbsp;&nbsp;&nbsp;&nbsp;&nbsp;&nbsp;&nbsp;&nbsp;&nbsp;&nbsp;&nbsp;&nbsp;&nbsp;&nbsp;&nbsp;&nbsp;&nbsp;&nbsp;&nbsp;&nbsp;&nbsp;&nbsp;&nbsp;&nbsp;&nbsp;&nbsp;&nbsp;&nbsp;&nbsp;&nbsp;&nbsp;&nbsp;&nbsp;&nbsp;&nbsp;&nbsp;&nbsp;&nbsp;&nbsp;&nbsp;&nbsp;&nbsp;&nbsp;&nbsp;&nbsp;&nbsp;&nbsp; Serhat Ergin<\/strong><\/p>\n\n\n\n<p>(Bayram Arslan Sitesi Y\u00f6neticisi)&nbsp;&nbsp;&nbsp;&nbsp;&nbsp;&nbsp;&nbsp;&nbsp;&nbsp;&nbsp;&nbsp;&nbsp;&nbsp;&nbsp;&nbsp;&nbsp; (Pamir Evleri Sitesi Y\u00f6neticisi<\/p>\n\n\n\n<p>Cep: 0542 5236233&nbsp;&nbsp;&nbsp;&nbsp;&nbsp;&nbsp;&nbsp;&nbsp;&nbsp;&nbsp;&nbsp;&nbsp;&nbsp;&nbsp;&nbsp;&nbsp;&nbsp;&nbsp;&nbsp;&nbsp;&nbsp;&nbsp;&nbsp;&nbsp;&nbsp;&nbsp;&nbsp;&nbsp;&nbsp;&nbsp;&nbsp;&nbsp;&nbsp;&nbsp;&nbsp;&nbsp;&nbsp;&nbsp; Cep: 0532 4463565<\/p>\n","protected":false},"excerpt":{"rendered":"<p>BAYRAKLI ADALET MAHALLES\u0130 25144 ADA 2 PARSELDE TE\u0130A\u015e TARAFINDAN 24,8 METRE Y\u00dcKSEL\u0130\u011e\u0130NDE 154 B\u0130N KWA LIK G\u0130S TRAFO-ELEKTR\u0130K \u0130ND\u0130RME MERKEZ\u0130<\/p>\n","protected":false},"author":1,"featured_media":0,"comment_status":"open","ping_status":"open","sticky":false,"template":"","format":"standard","meta":{"colormag_page_container_layout":"default_layout","colormag_page_sidebar_layout":"default_layout","footnotes":""},"categories":[6,4],"tags":[],"class_list":["post-357","post","type-post","status-publish","format-standard","hentry","category-duyurular","category-genel"],"_links":{"self":[{"href":"https:\/\/egecep.org.tr\/index.php\/wp-json\/wp\/v2\/posts\/357","targetHints":{"allow":["GET"]}}],"collection":[{"href":"https:\/\/egecep.org.tr\/index.php\/wp-json\/wp\/v2\/posts"}],"about":[{"href":"https:\/\/egecep.org.tr\/index.php\/wp-json\/wp\/v2\/types\/post"}],"author":[{"embeddable":true,"href":"https:\/\/egecep.org.tr\/index.php\/wp-json\/wp\/v2\/users\/1"}],"replies":[{"embeddable":true,"href":"https:\/\/egecep.org.tr\/index.php\/wp-json\/wp\/v2\/comments?post=357"}],"version-history":[{"count":1,"href":"https:\/\/egecep.org.tr\/index.php\/wp-json\/wp\/v2\/posts\/357\/revisions"}],"predecessor-version":[{"id":358,"href":"https:\/\/egecep.org.tr\/index.php\/wp-json\/wp\/v2\/posts\/357\/revisions\/358"}],"wp:attachment":[{"href":"https:\/\/egecep.org.tr\/index.php\/wp-json\/wp\/v2\/media?parent=357"}],"wp:term":[{"taxonomy":"category","embeddable":true,"href":"https:\/\/egecep.org.tr\/index.php\/wp-json\/wp\/v2\/categories?post=357"},{"taxonomy":"post_tag","embeddable":true,"href":"https:\/\/egecep.org.tr\/index.php\/wp-json\/wp\/v2\/tags?post=357"}],"curies":[{"name":"wp","href":"https:\/\/api.w.org\/{rel}","templated":true}]}}