{"id":386,"date":"2024-05-26T18:10:00","date_gmt":"2024-05-26T18:10:00","guid":{"rendered":"http:\/\/egecep.org.tr\/?p=386"},"modified":"2024-05-29T09:45:08","modified_gmt":"2024-05-29T09:45:08","slug":"egenin-iki-yakasinda-es-zamanli-altin-madeni-eylemi-eldorado-efemcukurunu-terk-et","status":"publish","type":"post","link":"https:\/\/egecep.org.tr\/index.php\/2024\/05\/26\/egenin-iki-yakasinda-es-zamanli-altin-madeni-eylemi-eldorado-efemcukurunu-terk-et\/","title":{"rendered":"Ege&#8217;nin iki yakas\u0131nda e\u015f zamanl\u0131 alt\u0131n madeni eylemi: &#8216;Eldorado, Efem\u00e7ukuru\u2019nu terk et&#8217;"},"content":{"rendered":"\n<figure class=\"wp-block-image size-large\"><img loading=\"lazy\" decoding=\"async\" width=\"1024\" height=\"576\" src=\"https:\/\/egecep.org.tr\/wp-content\/uploads\/2024\/05\/ec-eldorado-1024x576.jpg\" alt=\"\" class=\"wp-image-387\" srcset=\"https:\/\/egecep.org.tr\/wp-content\/uploads\/2024\/05\/ec-eldorado-1024x576.jpg 1024w, https:\/\/egecep.org.tr\/wp-content\/uploads\/2024\/05\/ec-eldorado-300x169.jpg 300w, https:\/\/egecep.org.tr\/wp-content\/uploads\/2024\/05\/ec-eldorado-768x432.jpg 768w, https:\/\/egecep.org.tr\/wp-content\/uploads\/2024\/05\/ec-eldorado.jpg 1280w\" sizes=\"auto, (max-width: 1024px) 100vw, 1024px\" \/><\/figure>\n\n\n\n<p>T\u00fcrkiye ve Yunanistan\u2019da e\u015f zamanl\u0131 olarak ger\u00e7ekle\u015ftirilen eylemlerle Eldorado Alt\u0131n Madencili\u011fi \u015eirketi\u2019nin her iki \u00fclkede i\u015fletti\u011fi alt\u0131n madenlerinin kapat\u0131lmas\u0131 istendi. T\u00fcrkiye\u2019de eylem alan\u0131 Efem\u00e7uku Alt\u0131n Madeni&#8217;ydi.<\/p>\n\n\n\n<p><\/p>\n\n\n\n<p><strong>\u0130ZM\u0130R \/ Art\u0131ger\u00e7ek &#8211;<\/strong> Eldorado Alt\u0131n Madencili\u011fi \u015eirketi\u2019nin Yunanistan ve T\u00fcrkiye\u2019de i\u015fletti\u011fi alt\u0131n madenlerine kar\u015f\u0131 e\u015f zamanl\u0131 olarak bas\u0131n a\u00e7\u0131klamalar\u0131 ger\u00e7ekle\u015ftirildi. EGE\u00c7EP, \u0130klim Adaleti Koalisyonu ve Kazma B\u0131rak Kampanyas\u0131, Yunanistan\u2019dan Selanik ve Megali Panagia Alt\u0131n Madencili\u011fine Kar\u015f\u0131 M\u00fccadele Komiteleri ile birlikte, uluslararas\u0131 protesto eylemi ger\u00e7ekle\u015ftirdi. \u0130zmir\u2019de de Eldorado Alt\u0131n Madencili\u011fi \u015eirketi\u2019ne ait T\u00fcprag Metal Madencilik taraf\u0131ndan i\u015fletilen Efem\u00e7ukuru Alt\u0131n Madeni\u2019nin \u00f6n\u00fcnde bir araya gelen y\u00f6re halk\u0131 ve aktivistleri madenin kapat\u0131lmas\u0131n\u0131 istedi.<\/p>\n\n\n\n<p>A\u00e7\u0131klama s\u0131ras\u0131nda baz\u0131 sivil k\u0131yafetli ki\u015filerin eyleme kat\u0131lanlar\u0131 \u00e7ekmesi k\u0131sa s\u00fcreli gerginli\u011fe neden oldu. Bu ki\u015filer kendilerini JASAT \u00fcyesi olarak tan\u0131tt\u0131. Bas\u0131n metnini okuyan EGE\u00c7EP E\u015f S\u00f6zc\u00fcs\u00fc Baha Okar Eldorado Gold&#8217;un T\u00fcrkiye&#8217;de iki alt\u0131n madeni bulundu\u011funu belirterek \u015f\u00f6yle konu\u015ftu:<\/p>\n\n\n\n<p>\u201cU\u015fak K\u0131\u015flada\u011f ve \u0130zmir Efem\u00e7ukuru. 2006 y\u0131l\u0131nda K\u0131\u015flada\u011f&#8217;da siyan\u00fcr s\u0131z\u0131nt\u0131s\u0131 nedeniyle 1500 ki\u015fi zehirlendi, ancak kan \u00f6rnekleri \u00e7al\u0131nd\u0131\u011f\u0131 i\u00e7in bunu kan\u0131tlayamad\u0131k. Nedense bu \u00e7ok uluslu \u015firketlerin di\u011fer su\u00e7lar\u0131n\u0131 da kan\u0131tlayam\u0131yoruz \u00e7\u00fcnk\u00fc yasalardan muaf tutuluyorlar. Ancak T\u00fcrkiye&#8217;de alt\u0131na verilen de\u011ferin, insan ve hayvan hayat\u0131ndan, karbon emisyonlar\u0131ndan, k\u00fclt\u00fcrel de\u011ferlerden, insanlar\u0131n ge\u00e7im ekonomisinden daha fazla oldu\u011funu, alt\u0131n u\u011fruna bunlar\u0131n hi\u00e7e say\u0131ld\u0131\u011f\u0131n\u0131 biliyoruz. Bu y\u00fczden alt\u0131n madencili\u011fine kar\u015f\u0131 sava\u015f\u0131yoruz.<\/p>\n\n\n\n<figure class=\"wp-block-image\"><img decoding=\"async\" src=\"https:\/\/cdn.artigercek.com\/other\/2024\/05\/26\/unnamed-1.jpg\" alt=\"unnamed-1.jpg\"\/><\/figure>\n\n\n\n<p>Burada Efem\u00e7ukuru\u2019nda ise alt\u0131n madeni \u0130zmir\u2019in su kaynaklar\u0131n\u0131n yan\u0131 ba\u015f\u0131nda yer al\u0131yor. \u0130zmir\u2019in i\u00e7me suyunun yakla\u015f\u0131k y\u00fczde 40\u2019\u0131n\u0131 kar\u015f\u0131layan Tahtal\u0131 Baraj\u0131n\u0131n koruma alan\u0131 s\u0131n\u0131r\u0131nda. Yakla\u015f\u0131k 200 bin ki\u015finin i\u00e7me suyunu kar\u015f\u0131lamak i\u00e7in planlanan \u00c7aml\u0131 Baraj\u0131\u2019na su sa\u011flayacak derelerin ise mutlak koruma alan\u0131 i\u00e7inde yer al\u0131yor. Bu y\u00fczden \u015fimdiye dek \u00c7aml\u0131 Baraj\u0131 yap\u0131lamad\u0131. \u0130zmir\u2019in suyu, Marmara G\u00f6l\u00fc\u2019n\u00fc kurutmak pahas\u0131na, ta Manisa\u2019dan G\u00f6rdes\u2019ten getirildi. \u0130zmirli bu y\u00fczden T\u00fcrkiye\u2019nin en pahal\u0131 suyunu t\u00fcketmeye mahk\u00fbm b\u0131rak\u0131ld\u0131. Bilimsel \u00e7al\u0131\u015fmalar sonucunda, Efem\u00e7ukuru maden i\u015fletmesinin, iddia edildi\u011fi gibi siyan\u00fcr kullan\u0131lm\u0131yor olsa bile, a\u011f\u0131r metal kirlili\u011fi yarataca\u011f\u0131, sadece b\u00f6lgenin yeralt\u0131 ve b\u00f6lgede uygulanan ekolojik tar\u0131m\u0131 sona erdirece\u011fi, k\u0131sacas\u0131 ekolojik ve toplumsal bir y\u0131k\u0131ma yol a\u00e7aca\u011f\u0131 raporlarla tespit edildi. Ne yaz\u0131k ki k\u00f6yl\u00fclerimiz bunun sonu\u00e7lar\u0131n\u0131 kuruyan a\u011fa\u00e7larda, geli\u015fen yer\u00fcst\u00fc su kaynaklar\u0131n\u0131 kirletmekle kalmayaca\u011f\u0131, y\u00f6renin bitki ve orman \u00f6rt\u00fcs\u00fcne zarar verece\u011fi, hastal\u0131klarda g\u00f6zlemeye ba\u015flad\u0131 bile.\u201d<\/p>\n\n\n\n<p>Eldorado Gold\u2019un alt\u0131n ve k\u00e2r h\u0131rs\u0131n\u0131n s\u0131n\u0131r tan\u0131mad\u0131\u011f\u0131n\u0131 ifade eden Okar \u201cEge\u2019nin kar\u015f\u0131 k\u0131y\u0131s\u0131nda, Yunanistan\u2019da \u015eirket ekonomik krizi f\u0131rsat bilerek s\u00f6m\u00fcrgeci bir s\u00f6zle\u015fme elde etti, polis ve yarg\u0131 deste\u011fine sahip oldu. Ayr\u0131ca i\u015f g\u00fcc\u00fcn\u00fcn bir k\u0131sm\u0131n\u0131, direni\u015fi bast\u0131rmak i\u00e7in kulland\u0131. Halkidiki&#8217;de milyonlarca ton asbest i\u00e7eren toksik toz salacak bir a\u00e7\u0131k maden planl\u0131yor. B\u00fcy\u00fck bir orman ve da\u011f alan\u0131n\u0131 yok ederek, su kirlili\u011fi ve su kayb\u0131na ve arkeolojik sit alanlar\u0131n\u0131n yok olmas\u0131na neden oldu. Eldorado, ayr\u0131ca Hollanda ve Barbados Adalar\u0131 \u00fczerinden bir vergi ka\u00e7\u0131rma d\u00fczeni kurdu. Yunanistan&#8217;daki son felaket sel bask\u0131nlar\u0131, Eldorado&#8217;nun in\u015fa edece\u011fi devasa at\u0131k barajlar\u0131n\u0131n kolayca \u00e7\u00f6kebilece\u011fini kan\u0131tlad\u0131. Ayr\u0131ca, deprem b\u00f6lgesinde bu kadar b\u00fcy\u00fck toksik barajlar in\u015fa etmek \u00e7\u0131lg\u0131nl\u0131kt\u0131r. \u015eirket, i\u015fsizlik oran\u0131n\u0131n y\u00fcksek oldu\u011fu bir b\u00f6lgede, emek\u00e7ilerin i\u015f ihtiyac\u0131n\u0131 s\u00f6m\u00fcrerek yerelden destek toplad\u0131. \u015eimdi t\u00fcm izinleri ald\u0131ktan sonra, madencileri 12 saatlik i\u015fg\u00fcn\u00fcne zorlayarak sald\u0131r\u0131ya ge\u00e7ti\u201d diye konu\u015ftu.<\/p>\n\n\n\n<figure class=\"wp-block-image\"><img decoding=\"async\" src=\"https:\/\/cdn.artigercek.com\/other\/2024\/05\/26\/unnamed-2.jpg\" alt=\"unnamed-2.jpg\"\/><\/figure>\n\n\n\n<p><strong>&#8216;EGE&#8217;N\u0130N \u0130K\u0130 YAKASINDA M\u00dcCADELE ED\u0130YORUZ&#8217;<\/strong><\/p>\n\n\n\n<p>Egenin iki yakas\u0131nda da, topra\u011f\u0131m\u0131z\u0131n zenginli\u011fi do\u011fas\u0131 ve insanlar\u0131d\u0131r. Eldorado her ikisini de yok ediyor. Bu y\u00fczden Eldorado&#8217;yu kovmak, b\u00f6lgeye verdi\u011fi zarar\u0131 onar\u0131p yeniden canland\u0131rmak ve madencilikten uzak, insanlar\u0131 ve do\u011fay\u0131 k\u00e2r\u0131n \u00fcst\u00fcnde tutan bir y\u00f6n \u00e7izmek i\u00e7in m\u00fccadele ediyoruz.<\/p>\n\n\n\n<p>A\u00e7\u0131klama \u015fu \u00f6zlerle sona erdi:<\/p>\n\n\n\n<p>Bizler Eldorado Gold\u2019a ve t\u00fcm di\u011fer maden \u015firketlerine kar\u015f\u0131y\u0131z.<\/p>\n\n\n\n<p>* Yerel ekosistemleri ve devasa alanlar\u0131 kirleten ve yok eden, \u00e7al\u0131\u015fanlar\u0131n ve yerel halk\u0131n sa\u011fl\u0131\u011f\u0131n\u0131 tehlikeye atan ve ayn\u0131 zamanda iklim krizine \u00f6nemli \u00f6l\u00e7\u00fcde katk\u0131da bulunan madencili\u011fe kar\u015f\u0131y\u0131z. \u00dcstelik iklim krizinin \u015fiddetlendirdi\u011fi a\u015f\u0131r\u0131 hava ko\u015fullar\u0131 nedeniyle, madencilik yap\u0131lan t\u00fcm alanlar sel gibi b\u00fcy\u00fck felaketlerin riski alt\u0131nda.<\/p>\n\n\n\n<p>* K\u00e2r, &#8220;geli\u015fim&#8221; ve &#8220;yat\u0131r\u0131m&#8221; ad\u0131na t\u00fcm b\u00f6lgeleri madencilik \u015firketlerine s\u00f6m\u00fcrge \u015fartlar\u0131nda teslim eden, \u00e7evre ve i\u015f\u00e7i koruma \u00f6nlemleri \u00fczerinde neredeyse hi\u00e7 kontrol sa\u011flamayan h\u00fck\u00fcmetlerimizi k\u0131n\u0131yoruz.<\/p>\n\n\n\n<p>* Do\u011fa ve ya\u015fam i\u00e7in m\u00fccadelesinde h\u00fck\u00fcmetler, \u015firketler, polis ve yarg\u0131 aras\u0131ndaki yak\u0131n i\u015fbirli\u011fi arac\u0131l\u0131\u011f\u0131yla bask\u0131lara maruz kalan t\u00fcm hareketlerle dayan\u0131\u015fma i\u00e7indeyiz.<\/p>\n\n\n\n<p>* Madencilikle m\u00fccadele ayn\u0131 zamanda sava\u015fa kar\u015f\u0131 bir m\u00fccadeledir. Derinle\u015fen ekonomik kriz, enerji kaynaklar\u0131 ve ham maddeler \u00fczerinde egemenlik m\u00fccadelesi, silahlanma yar\u0131\u015f\u0131 ve milliyet\u00e7i \u00e7at\u0131\u015fmalar\u0131n \u015fiddetlenmesi gibi jeopolitik rekabetleri k\u00f6r\u00fckl\u00fcyor. Bug\u00fcn b\u00f6lgemizde gittik\u00e7e daha fazla sava\u015f\u0131n deh\u015fetini hissediyoruz. D\u00fcnya genelinde askeri \u00e7at\u0131\u015fmalar\u0131n yo\u011funla\u015faca\u011f\u0131 genel bir d\u00f6nemin e\u015fi\u011findeyiz. Topra\u011f\u0131, denizi ve havay\u0131 payla\u015fan halklar d\u00fc\u015fman de\u011fildir. B\u00f6l\u00fcnecek hi\u00e7bir \u015feyimiz yok, sava\u015fmak ve silahlara, \u015firketlerin k\u00e2r h\u0131rs\u0131na yem olmak istemiyoruz.<\/p>\n\n\n\n<p>Kapitalistlerin ve h\u00fck\u00fcmetlerinin \u00e7\u0131karlar\u0131na kar\u015f\u0131 bizim silah\u0131m\u0131z, halklar\u0131n ortak m\u00fccadelesi ve dayan\u0131\u015fmas\u0131d\u0131r.<\/p>\n\n\n\n<p><strong>EFEM\u00c7UKURU ALTIN MADEN\u0130 HAKKINDA<\/strong><\/p>\n\n\n\n<p>Kanadal\u0131 Eldorado Gold Madencilik Firmas\u0131&#8217;n\u0131n T\u00fcrkiye&#8217;deki \u015firketi T\u00fcprag&#8217;a ait Efem\u00e7ukuru Alt\u0131n Madeni, \u0130zmir&#8217;in i\u00e7me suyu ihtiyac\u0131n\u0131n \u00f6nemli bir b\u00f6l\u00fcm\u00fcn\u00fc kar\u015f\u0131layan Tahtal\u0131 Baraj\u0131 uzak mesafe koruma havzas\u0131ndaki yer al\u0131yor.<\/p>\n\n\n\n<p>2005 y\u0131l\u0131nda \u00c7ED olumlu karar\u0131 alarak in\u015faat \u00e7al\u0131\u015fmalar\u0131na ba\u015flan\u0131lan Efem\u00e7ukuru Alt\u0131n Madeni, 2011 y\u0131l\u0131nda i\u015fletmeye ge\u00e7ti. \u015eirket 2012 y\u0131l\u0131nda bu kez kapasite art\u0131r\u0131m\u0131 i\u00e7in \u00c7ED olumlu karar\u0131 ald\u0131rtt\u0131. 10 y\u0131ll\u0131k maden i\u015fletme s\u00fcreci 17 y\u0131la \u00e7\u0131kar\u0131l\u0131rken 2.5 milyon tonluk cevher i\u015fletme plan\u0131 ise 8.5 milyon tona \u00e7\u0131kar\u0131ld\u0131.<\/p>\n\n\n\n<p>Efem\u00e7ukuru b\u00f6lgesinde alt\u0131n arama faaliyetlerine devam eden T\u00fcprag Metal Madencilik i\u00e7in verilen son kapasite art\u0131\u015f\u0131 izni EGE\u00c7EP ad\u0131na avukat Arif Ali Cang\u0131 ve b\u00f6lgede ya\u015fayan Ahmet Kara\u00e7am taraf\u0131ndan Anayasaya Mahkemesi\u2019ne ta\u015f\u0131nm\u0131\u015ft\u0131. T\u00dcPRAG&#8217;a ba\u011fl\u0131 Efem\u00e7ukuru alt\u0131n madeninin b\u00f6lgedeki yeralt\u0131 sular\u0131n\u0131 kirletti\u011fi bilirki\u015fi raporuyla ortaya konmu\u015ftu.<\/p>\n\n\n\n<p>Efem\u00e7ukuru Alt\u0131n Madeni, ayn\u0131 zamanda yakla\u015f\u0131k 300 bin ki\u015finin i\u00e7me suyu ihtiyac\u0131n\u0131 kar\u015f\u0131lamak i\u00e7in projelendirilen \u00c7aml\u0131 Baraj\u0131&#8217;n\u0131n da mutlak koruma alan\u0131 i\u00e7erisinde de yer al\u0131yor. Efem\u00e7ukuru Alt\u0131n Madeni\u2019nin faaliyete ge\u00e7mesi ile birlikte baraj planlama s\u00fcrecinden \u00e7\u0131kar\u0131lm\u0131\u015ft\u0131. Ancak \u00c7evre, \u015eehircilik ve \u0130klim De\u011fi\u015fikli\u011fi Bakanl\u0131\u011f\u0131 ge\u00e7ti\u011fimiz Nisan ay\u0131nda \u00c7aml\u0131 Baraj\u0131\u2019n\u0131n projesi i\u00e7in \u2018nihai karar\u2019 verdi\u011fini duyurmu\u015ftu. Karar kamuoyunda \u2018Maden kapat\u0131lmadan \u00c7aml\u0131 Baraj\u0131\u2019n\u0131n faaliyete ge\u00e7mesi m\u00fcmk\u00fcn m\u00fc?\u2019 sorusunun sorulmas\u0131na neden olmu\u015ftu.<\/p>\n\n\n\n<p>Kaynak: <a href=\"https:\/\/artigercek.com\/cevre\/egenin-iki-yakasinda-es-zamanli-altin-madeni-eylemi-eldorado-efemcukurunu-terk-et-305868h\">https:\/\/artigercek.com\/cevre\/egenin-iki-yakasinda-es-zamanli-altin-madeni-eylemi-eldorado-efemcukurunu-terk-et-305868h<\/a><\/p>\n","protected":false},"excerpt":{"rendered":"<p>T\u00fcrkiye ve Yunanistan\u2019da e\u015f zamanl\u0131 olarak ger\u00e7ekle\u015ftirilen eylemlerle Eldorado Alt\u0131n Madencili\u011fi \u015eirketi\u2019nin her iki \u00fclkede i\u015fletti\u011fi alt\u0131n madenlerinin kapat\u0131lmas\u0131 istendi. T\u00fcrkiye\u2019de eylem alan\u0131 Efem\u00e7uku Alt\u0131n Madeni&#8217;ydi.<\/p>\n","protected":false},"author":1,"featured_media":387,"comment_status":"open","ping_status":"open","sticky":false,"template":"","format":"standard","meta":{"colormag_page_container_layout":"default_layout","colormag_page_sidebar_layout":"default_layout","footnotes":""},"categories":[3,5],"tags":[29,31,28,10,30],"class_list":["post-386","post","type-post","status-publish","format-standard","has-post-thumbnail","hentry","category-basin-aciklamalari","category-haberler","tag-altin-madeni","tag-basin-aciklamasi","tag-efemcukuru","tag-egecep","tag-eldorado"],"_links":{"self":[{"href":"https:\/\/egecep.org.tr\/index.php\/wp-json\/wp\/v2\/posts\/386","targetHints":{"allow":["GET"]}}],"collection":[{"href":"https:\/\/egecep.org.tr\/index.php\/wp-json\/wp\/v2\/posts"}],"about":[{"href":"https:\/\/egecep.org.tr\/index.php\/wp-json\/wp\/v2\/types\/post"}],"author":[{"embeddable":true,"href":"https:\/\/egecep.org.tr\/index.php\/wp-json\/wp\/v2\/users\/1"}],"replies":[{"embeddable":true,"href":"https:\/\/egecep.org.tr\/index.php\/wp-json\/wp\/v2\/comments?post=386"}],"version-history":[{"count":2,"href":"https:\/\/egecep.org.tr\/index.php\/wp-json\/wp\/v2\/posts\/386\/revisions"}],"predecessor-version":[{"id":402,"href":"https:\/\/egecep.org.tr\/index.php\/wp-json\/wp\/v2\/posts\/386\/revisions\/402"}],"wp:featuredmedia":[{"embeddable":true,"href":"https:\/\/egecep.org.tr\/index.php\/wp-json\/wp\/v2\/media\/387"}],"wp:attachment":[{"href":"https:\/\/egecep.org.tr\/index.php\/wp-json\/wp\/v2\/media?parent=386"}],"wp:term":[{"taxonomy":"category","embeddable":true,"href":"https:\/\/egecep.org.tr\/index.php\/wp-json\/wp\/v2\/categories?post=386"},{"taxonomy":"post_tag","embeddable":true,"href":"https:\/\/egecep.org.tr\/index.php\/wp-json\/wp\/v2\/tags?post=386"}],"curies":[{"name":"wp","href":"https:\/\/api.w.org\/{rel}","templated":true}]}}