{"id":546,"date":"2025-04-14T18:42:32","date_gmt":"2025-04-14T18:42:32","guid":{"rendered":"https:\/\/egecep.org.tr\/?p=546"},"modified":"2025-04-14T18:42:34","modified_gmt":"2025-04-14T18:42:34","slug":"iklim-kanununa-hayir-tehlikenin-farkinda-misiniz-doganin-ayarlari-ile-oynamayin","status":"publish","type":"post","link":"https:\/\/egecep.org.tr\/index.php\/2025\/04\/14\/iklim-kanununa-hayir-tehlikenin-farkinda-misiniz-doganin-ayarlari-ile-oynamayin\/","title":{"rendered":"\u0130klim Kanununa Hay\u0131r! Tehlikenin fark\u0131nda m\u0131s\u0131n\u0131z! Do\u011fan\u0131n ayarlar\u0131 ile oynamay\u0131n!"},"content":{"rendered":"\n<p>Paris \u0130klim Anla\u015fmas\u0131, s\u00f6zde sera gaz\u0131 sal\u0131n\u0131m\u0131n\u0131n k\u00fcresel seviyede azalt\u0131lmas\u0131 hedefiyle haz\u0131rlanan, do\u011fa ve canl\u0131 ya\u015fam\u0131 i\u00e7in ciddi bir tehdit olu\u015fturan ve T\u00fcrkiye dahil 194 \u00fclke ve Avrupa Birli\u011fi taraf\u0131ndan 2015 y\u0131l\u0131nda imzalanarak 2016 y\u0131l\u0131nda y\u00fcr\u00fcrl\u00fc\u011fe giren bir anla\u015fma. Ekim 2021\u2019de Paris \u0130klim Anla\u015fmas\u0131\u2019n\u0131 onaylayan T\u00fcrkiye\u2019nin \u0130klim Kanunu haz\u0131rl\u0131klar\u0131, 2021 y\u0131l\u0131nda ba\u015flad\u0131. Taslaklar\u0131 d\u00f6nem d\u00f6nem bas\u0131na yans\u0131yan 20 maddeyi kapsayan \u0130klim Kanunu Teklifi, 20 \u015eubat 2025\u2019te T\u00fcrkiye B\u00fcy\u00fck Millet Meclisi\u2019ne sunuldu. Bu teklif 5 y\u0131ld\u0131r \u00e7al\u0131\u015f\u0131lan ve D\u00fcnya Bankas\u0131\u2019n\u0131n finansman\u0131 ile haz\u0131rlanan bir metin.<\/p>\n\n\n\n<p>Karaburun Sivil \u0130nisiyatif\u2019ten konu ile ilgili yap\u0131lan a\u00e7\u0131klamada;<\/p>\n\n\n\n<p>\u201c..TBMM\u2019de g\u00f6r\u00fc\u015f\u00fclmeye ba\u015flayan \u0130klim Kanunun teklifinin 4 maddesi onayland\u0131. 15 Nisan\u2019da di\u011fer maddelerin g\u00f6r\u00fc\u015f\u00fclmesi ve oylanmas\u0131na devam edilecek.<br>Uzmanlar, iklim de\u011fi\u015fikli\u011fi ile m\u00fccadeleye dair somut d\u00fczenlemeler veya ara hedefler i\u00e7ermeyen metnin, bu haliyle bir iklim kanunu olarak okunamayaca\u011f\u0131n\u0131 belirtiyor.<\/p>\n\n\n\n<p>\u0130klim Kanunu teklifi TBMM\u2019den ge\u00e7memeli..<br>Millet vekilleri iklim de\u011fi\u015ftirme su\u00e7una ortak olmamal\u0131.<br>TBMM boykot etmek, meclis salonunu terk etmek \u00e7\u00f6z\u00fcme katk\u0131 sa\u011flamayacakt\u0131r. \u0130klim Kanunu teklifine kar\u015f\u0131; Meclis genel kuruluna siyasi parti milletvekillerinin eksiksiz kat\u0131larak oy kullanmalar\u0131, se\u00e7menlerini \u00f6rg\u00fctlemeleri, itirazlar\u0131 toplumsalla\u015ft\u0131rmalar\u0131 esas olmal\u0131..<\/p>\n\n\n\n<p>\u0130\u00e7inde bilim olmayan, toplum olmayan, do\u011fa olmayan bir teklif iklim kanunu olabilir mi?<br>K\u00f6m\u00fcr, petrol ve gaz t\u00fcketimine k\u0131s\u0131tlama getirmeyen, hatta te\u015fvik eden, asfalt ve beton politikalara \u00f6m\u00fcr katan bir teklif iklim kanunu olabilir mi?<br>As\u0131l amac\u0131n\u0131n Avrupa\u2019ya yap\u0131lacak olan ihracatta olas\u0131 engelleri ka\u011f\u0131t \u00fczerinde a\u015fmak i\u00e7in karbon piyasas\u0131n\u0131 d\u00fczenlemeyi hedef alan bir teklifle iklim korunabilir mi?<br>Bilimsel ger\u00e7ekli\u011fi yok sayarak iklimi de\u011fi\u015ftirenlerin maddi \u00e7\u0131kar\u0131n\u0131 s\u00fcrd\u00fcren, iklim de\u011fi\u015fikli\u011finden k\u00e2r etmesini ama\u00e7layan bir kanun, iklim kanunu olabilir mi?<\/p>\n\n\n\n<p>Bu kanun ile nelerin ama\u00e7land\u0131\u011f\u0131 ve bizleri neleri bekledi\u011finin ay\u0131rd\u0131na varmak \u00e7ok \u00f6nemli. Bu maddelere kar\u015f\u0131 duranlar\u0131, kanuna hay\u0131r diyenleri \u00f6tekile\u015ftirerek, anlamayarak, susturarak, bilim d\u0131\u015f\u0131 g\u00f6stererek ya da oynanan oyunu alg\u0131lamadan taraf olmak kayg\u0131 verici. Kanun i\u00e7eri\u011fine bilim, \u00e7evre, ya\u015fam ad\u0131na katk\u0131 koyarak y\u00f6n verme\u011fe \u00e7al\u0131\u015fmak da olas\u0131 de\u011fil. Paris \u0130klim Anla\u015fmas\u0131 ve buradan hareketle g\u00fcndeme gelen \u0130klim Kanunu k\u00fcresel sermayenin kurallar\u0131n\u0131 ve hedeflerini belirleyen bir metin olarak dizayn edilecek. Konuyu ba\u015f\u0131ndan beri takip eden ve kar\u015f\u0131 duranlarca, eldeki t\u00fcm belgelerle i\u00e7eri\u011finin net olarak bilindi\u011fi bu anla\u015fma i\u00e7in bir k\u00f6lelik anla\u015fmas\u0131 deniliyor.<\/p>\n\n\n\n<p>\u015eimdiye kadar tar\u0131mdan, hayvanc\u0131l\u0131\u011fa, sulak alanlar\u0131n korunmas\u0131ndan ,topra\u011fa, zeytinlere, orman ve sa\u011fl\u0131kl\u0131 g\u0131daya, do\u011fa, ekoloji, insan ve ya\u015fam alanlar\u0131na kadar t\u00fcm de\u011ferlerin korunmas\u0131 ad\u0131na \u00e7al\u0131\u015fanlar\u0131n kar\u015f\u0131s\u0131nda durularak, do\u011fay\u0131 ve insan\u0131 s\u00f6m\u00fcren yat\u0131r\u0131mlar\u0131n \u00f6n\u00fc a\u00e7\u0131larak, ya\u015fam hakk\u0131 g\u00f6zetilmeden eko k\u0131r\u0131m su\u00e7lar\u0131n\u0131n i\u015flendi\u011fi ger\u00e7e\u011fi ile y\u00fcz y\u00fczeyiz.<\/p>\n\n\n\n<p>Paris \u0130klim Anla\u015fmas\u0131n\u0131n onaylanmas\u0131 sonras\u0131 toplu ku\u015f, tavuk, inek, ar\u0131 \u00f6l\u00fcmleri, bu\u011fday ve orman yang\u0131nlar\u0131 art\u0131\u015f g\u00f6sterdi. Sera gaz\u0131 miktar\u0131 a\u00e7\u0131s\u0131ndan insan faaliyetlerinin \u00e7evreye verdi\u011fi zarar\u0131n \u00f6l\u00e7\u00fcs\u00fc olarak kar\u015f\u0131m\u0131za \u00e7\u0131kar\u0131lmak istenen Karbon Ayak \u0130zinin hedefi, t\u00fcm insanlar\u0131n ve canl\u0131lar\u0131n hareketini kontrol alt\u0131na almak. Oysa ki karbon olmadan ya\u015fam olmaz.. Karbon Ayak \u0130zi, bir\u00e7ok canl\u0131 \u00f6l\u00fcmlerini de beraberinde getirecek k\u00fcresel bir tuzak olarak \u00f6n\u00fcm\u00fczde duruyor\u2026<br>\u0130klim Kanunu i\u00e7in, k\u00fcresel sermaye ve oyun kurucular\u0131n\u0131n g\u00fcc\u00fcyle dikte ettirilen nice sorunlar\u0131n ya\u015fat\u0131laca\u011f\u0131 bir pranga benzetmesi yap\u0131l\u0131yor. K\u00fcresel \u0131s\u0131nman\u0131n sonucunda meydana gelen sorunlar\u0131 k\u0131l\u0131f olarak kullanarak, bunun \u00fczerine sermaye ve &#8220;insan&#8221; eliyle, planlar\u0131yla do\u011fa \u00fczerinde uygulad\u0131klar\u0131 ve uygulayacaklar\u0131 oyuna verdikleri &#8220;iklim de\u011fi\u015fikli\u011fi&#8221; ad\u0131 ile yine bir korku ortam\u0131 olu\u015fturulmaya \u00e7al\u0131\u015f\u0131l\u0131yor. Ya\u015fat\u0131lacak sorunlara da s\u00f6zde &#8221;\u00e7\u00f6z\u00fcm \u00f6nerileri&#8217; ile yine kar\u015f\u0131m\u0131zdalar.<\/p>\n\n\n\n<p>\u0130klim Kanunu teklifi TBMM\u2019den ge\u00e7memeli..<br>Millet vekilleri iklim de\u011fi\u015ftirme su\u00e7una ortak olmamal\u0131.<br>\u0130klim Kanunu teklifine kar\u015f\u0131; Meclis genel kuruluna siyasi parti milletvekillerinin eksiksiz kat\u0131larak oy kullanmalar\u0131, se\u00e7menlerini \u00f6rg\u00fctlemeleri, itirazlar\u0131 toplumsalla\u015ft\u0131rmalar\u0131 esas olmal\u0131..<\/p>\n\n\n\n<p>\u0130klim Kanunu ile hayvanc\u0131l\u0131k ve tar\u0131m da olumsuz bir s\u00fcre\u00e7 ba\u015flayacak. Daha \u015fimdiden Konya Karaman&#8217;da 4 merkezde b\u00fcy\u00fckba\u015f hayvanc\u0131l\u0131\u011f\u0131n yasakland\u0131\u011f\u0131, Burdur K\u0131z\u0131lkaya Belediyesince \u00e7ift\u00e7i, k\u00f6yl\u00fc ve halk\u0131n sebze, meyve dikmesi ve su kullanmas\u0131n\u0131n yasakland\u0131\u011f\u0131 haberlerini al\u0131yoruz.<br>Avrupa ve T\u00fcrkiye&#8217; de yapay g\u0131da, b\u00f6cek ve et faaliyetlerinin devam etti\u011fini ve bu \u00e7al\u0131\u015fmalar\u0131n halk\u0131n sa\u011fl\u0131kl\u0131 g\u0131daya eri\u015fimini etkiledi\u011fini ve bu piyasan\u0131n geni\u015fletilmeye \u00e7al\u0131\u015f\u0131ld\u0131\u011f\u0131n\u0131 biliyoruz.<br>Bu kanunla seyahatten, al\u0131\u015fveri\u015fe, su kullan\u0131m\u0131 k\u0131s\u0131tlamalar\u0131na ve karbon vergisine kadar pek \u00e7ok sorunun bizleri bekledi\u011fi belirtiliyor.<br>\u0130nsan, hayvan ,tar\u0131m, ya\u015fam, do\u011fa ve ekoloji ad\u0131na pek \u00e7ok sorunun ya\u015fanaca\u011f\u0131 dahas\u0131 bundan sonra ortaya \u00e7\u0131kabilecek hastal\u0131klara toptan &#8220;iklim de\u011fi\u015fikli\u011fi&#8221; hastal\u0131\u011f\u0131 denilece\u011fi ve yeni bir a\u015f\u0131lama bi\u00e7iminin hastal\u0131klar\u0131 \u00f6nleme ad\u0131na g\u00fcndeme gelece\u011fi de belirtiliyor.<\/p>\n\n\n\n<p>Ge\u00e7mi\u015ften ne \u00f6\u011frendik, bu g\u00fcn ne yap\u0131yoruz, neyi ne kadar alg\u0131lad\u0131k ve ileride bizlerin kar\u015f\u0131s\u0131na \u00e7\u0131kar\u0131lacaklar ne olacak, ne kadar ilgili ve bilgiliyiz?<br>Bize s\u00fcre\u00e7 her \u015feyi \u00f6\u011fretecek\u2026\u201d denildi.<\/p>\n\n\n\n<p>Karaburun Sivil \u0130nisiyatif<\/p>\n","protected":false},"excerpt":{"rendered":"<p>Paris \u0130klim Anla\u015fmas\u0131, s\u00f6zde sera gaz\u0131 sal\u0131n\u0131m\u0131n\u0131n k\u00fcresel seviyede azalt\u0131lmas\u0131 hedefiyle haz\u0131rlanan, do\u011fa ve canl\u0131 ya\u015fam\u0131 i\u00e7in ciddi bir tehdit<\/p>\n","protected":false},"author":1,"featured_media":547,"comment_status":"open","ping_status":"open","sticky":false,"template":"","format":"standard","meta":{"colormag_page_container_layout":"default_layout","colormag_page_sidebar_layout":"default_layout","footnotes":""},"categories":[3,53],"tags":[10,64,33],"class_list":["post-546","post","type-post","status-publish","format-standard","has-post-thumbnail","hentry","category-basin-aciklamalari","category-bilesenlerden","tag-egecep","tag-iklim-kanunu","tag-karaburun"],"_links":{"self":[{"href":"https:\/\/egecep.org.tr\/index.php\/wp-json\/wp\/v2\/posts\/546","targetHints":{"allow":["GET"]}}],"collection":[{"href":"https:\/\/egecep.org.tr\/index.php\/wp-json\/wp\/v2\/posts"}],"about":[{"href":"https:\/\/egecep.org.tr\/index.php\/wp-json\/wp\/v2\/types\/post"}],"author":[{"embeddable":true,"href":"https:\/\/egecep.org.tr\/index.php\/wp-json\/wp\/v2\/users\/1"}],"replies":[{"embeddable":true,"href":"https:\/\/egecep.org.tr\/index.php\/wp-json\/wp\/v2\/comments?post=546"}],"version-history":[{"count":1,"href":"https:\/\/egecep.org.tr\/index.php\/wp-json\/wp\/v2\/posts\/546\/revisions"}],"predecessor-version":[{"id":548,"href":"https:\/\/egecep.org.tr\/index.php\/wp-json\/wp\/v2\/posts\/546\/revisions\/548"}],"wp:featuredmedia":[{"embeddable":true,"href":"https:\/\/egecep.org.tr\/index.php\/wp-json\/wp\/v2\/media\/547"}],"wp:attachment":[{"href":"https:\/\/egecep.org.tr\/index.php\/wp-json\/wp\/v2\/media?parent=546"}],"wp:term":[{"taxonomy":"category","embeddable":true,"href":"https:\/\/egecep.org.tr\/index.php\/wp-json\/wp\/v2\/categories?post=546"},{"taxonomy":"post_tag","embeddable":true,"href":"https:\/\/egecep.org.tr\/index.php\/wp-json\/wp\/v2\/tags?post=546"}],"curies":[{"name":"wp","href":"https:\/\/api.w.org\/{rel}","templated":true}]}}