{"id":57,"date":"2020-06-05T19:30:00","date_gmt":"2020-06-05T19:30:00","guid":{"rendered":"http:\/\/egecep.org.tr\/?p=57"},"modified":"2022-10-20T18:29:46","modified_gmt":"2022-10-20T18:29:46","slug":"kozak-camavlu-koyunde-madra-el-ele-hareketinin-bilesenleri-burcep-gomec-cevre-platformu-ve-bergama-cevre-platformu-bulustu","status":"publish","type":"post","link":"https:\/\/egecep.org.tr\/index.php\/2020\/06\/05\/kozak-camavlu-koyunde-madra-el-ele-hareketinin-bilesenleri-burcep-gomec-cevre-platformu-ve-bergama-cevre-platformu-bulustu\/","title":{"rendered":"KOZAK \u00c7AMAVLU K\u00d6Y\u00dc&#8217;NDE MADRA EL ELE HAREKET\u0130N\u0130N B\u0130LE\u015eENLER\u0130; BUR\u00c7EP, G\u00d6ME\u00c7 \u00c7EVRE PLATFORMU VE BERGAMA \u00c7EVRE PLATFORMU BULU\u015eTU"},"content":{"rendered":"\n<p><\/p>\n\n\n\n<p>5 Haziran\u2019da Saat 12:30\u2019daki Bergama Cumhuriyet Meydan\u0131ndaki bas\u0131n a\u00e7\u0131klamas\u0131 sonras\u0131nda T\u00dcMAD Alt\u0131n Madenine en yak\u0131n k\u00f6y olmas\u0131 itibariyle Kozak \u00c7amavlu K\u00f6y\u00fcnde Madra El Ele hareketinin bile\u015fenleri; BUR\u00c7EP, G\u00f6me\u00e7 \u00c7evre Platformu ve Bergama \u00c7evre Platformu olarak, k\u00f6yl\u00fclerle bulu\u015fup g\u00fcne dair sohbet edip, T\u00dcMAD\u2019a kar\u015f\u0131 neler yapabilece\u011fimizi konu\u015ftuk.<\/p>\n","protected":false},"excerpt":{"rendered":"<p>5 Haziran\u2019da Saat 12:30\u2019daki Bergama Cumhuriyet Meydan\u0131ndaki bas\u0131n a\u00e7\u0131klamas\u0131 sonras\u0131nda T\u00dcMAD Alt\u0131n Madenine en yak\u0131n k\u00f6y olmas\u0131 itibariyle Kozak \u00c7amavlu<\/p>\n","protected":false},"author":1,"featured_media":276,"comment_status":"open","ping_status":"open","sticky":false,"template":"","format":"standard","meta":{"colormag_page_container_layout":"default_layout","colormag_page_sidebar_layout":"default_layout","footnotes":""},"categories":[5,14],"tags":[],"class_list":["post-57","post","type-post","status-publish","format-standard","has-post-thumbnail","hentry","category-haberler","category-tum-yazilar"],"_links":{"self":[{"href":"https:\/\/egecep.org.tr\/index.php\/wp-json\/wp\/v2\/posts\/57","targetHints":{"allow":["GET"]}}],"collection":[{"href":"https:\/\/egecep.org.tr\/index.php\/wp-json\/wp\/v2\/posts"}],"about":[{"href":"https:\/\/egecep.org.tr\/index.php\/wp-json\/wp\/v2\/types\/post"}],"author":[{"embeddable":true,"href":"https:\/\/egecep.org.tr\/index.php\/wp-json\/wp\/v2\/users\/1"}],"replies":[{"embeddable":true,"href":"https:\/\/egecep.org.tr\/index.php\/wp-json\/wp\/v2\/comments?post=57"}],"version-history":[{"count":4,"href":"https:\/\/egecep.org.tr\/index.php\/wp-json\/wp\/v2\/posts\/57\/revisions"}],"predecessor-version":[{"id":277,"href":"https:\/\/egecep.org.tr\/index.php\/wp-json\/wp\/v2\/posts\/57\/revisions\/277"}],"wp:featuredmedia":[{"embeddable":true,"href":"https:\/\/egecep.org.tr\/index.php\/wp-json\/wp\/v2\/media\/276"}],"wp:attachment":[{"href":"https:\/\/egecep.org.tr\/index.php\/wp-json\/wp\/v2\/media?parent=57"}],"wp:term":[{"taxonomy":"category","embeddable":true,"href":"https:\/\/egecep.org.tr\/index.php\/wp-json\/wp\/v2\/categories?post=57"},{"taxonomy":"post_tag","embeddable":true,"href":"https:\/\/egecep.org.tr\/index.php\/wp-json\/wp\/v2\/tags?post=57"}],"curies":[{"name":"wp","href":"https:\/\/api.w.org\/{rel}","templated":true}]}}