{"id":715,"date":"2025-12-26T16:01:31","date_gmt":"2025-12-26T16:01:31","guid":{"rendered":"https:\/\/egecep.org.tr\/?p=715"},"modified":"2025-12-26T16:13:24","modified_gmt":"2025-12-26T16:13:24","slug":"egecep-toptan-eylem-yasaklari-hukuken-gecersizlestirdi","status":"publish","type":"post","link":"https:\/\/egecep.org.tr\/index.php\/2025\/12\/26\/egecep-toptan-eylem-yasaklari-hukuken-gecersizlestirdi\/","title":{"rendered":"EGE\u00c7EP &#8220;toptan&#8221; eylem yasaklar\u0131n\u0131 hukuken ge\u00e7ersizle\u015ftirdi"},"content":{"rendered":"\n<p><strong>Ege \u00c7evre ve K\u00fclt\u00fcr Platformu (EGE\u00c7EP)<\/strong>, 19 Mart s\u00fcrecinde \u0130zmir Valili\u011fi taraf\u0131ndan il genelinde ilan edilen ve t\u00fcm toplant\u0131, g\u00f6steri y\u00fcr\u00fcy\u00fc\u015f\u00fc ile bas\u0131n a\u00e7\u0131klamalar\u0131n\u0131 kapsayan \u201ctoptan eylem yasa\u011f\u0131n\u0131\u201d mahkeme karar\u0131yla iptal ettirdi. Konuyla ilgili yapt\u0131\u011f\u0131 bas\u0131n a\u00e7\u0131klamas\u0131nda <strong>\u0130zmir 6. \u0130dare Mahkemesi<\/strong> taraf\u0131ndan verilen karar\u0131n, bar\u0131\u015f\u00e7\u0131l toplanma hakk\u0131 ve ifade \u00f6zg\u00fcrl\u00fc\u011f\u00fc a\u00e7\u0131s\u0131ndan \u00f6nemli bir hukuki e\u015fik olu\u015fturdu\u011funu vurgulayan EGE\u00c7EP, karar\u0131n \u00e7evre m\u00fccadelesi ve sivil toplum faaliyetleri bak\u0131m\u0131ndan ta\u015f\u0131d\u0131\u011f\u0131 \u00f6neme dikkat \u00e7ekti. A\u00e7\u0131klaman\u0131n tam metni ve Mahkemenin ilgili karar\u0131 a\u015fa\u011f\u0131da yer al\u0131yor.<\/p>\n\n\n\n<h3 class=\"wp-block-heading\"><strong>Bas\u0131n a\u00e7\u0131klamas\u0131 &#8211; 26 Aral\u0131k 2025<\/strong><\/h3>\n\n\n\n<p><strong>EGE\u00c7EP 20. y\u0131l\u0131nda: \u0130zmir\u2019de \u201ctoptan eylem yasa\u011f\u0131\u201d EGE\u00c7EP&#8217;in ba\u015fvurusu sonucunda mahkemece iptal edildi \u2013 Do\u011fay\u0131 savunmak, ya\u015fam\u0131 savunmakt\u0131r; ya\u015fam\u0131 savunmak ise s\u00f6z s\u00f6yleme ve bar\u0131\u015f\u00e7\u0131l bi\u00e7imde bir araya gelme hakk\u0131n\u0131 savunmay\u0131 da i\u00e7erir.<\/strong><\/p>\n\n\n\n<p>EGE\u00c7EP (Ege \u00c7evre ve K\u00fclt\u00fcr Platformu), \u00e7evre g\u00f6n\u00fcll\u00fcleri ile do\u011fal ve k\u00fclt\u00fcrel varl\u0131klar\u0131n korunmas\u0131 i\u00e7in bir araya gelen kurumlar ve bireyler taraf\u0131ndan\u00a025 Aral\u0131k 2005\u2019te kurulmu\u015ftur;\u00a020. y\u0131l\u0131m\u0131zda\u00a0\u201cdo\u011fay\u0131, ya\u015fam\u0131, gelece\u011fi savunmaya\u201d devam ediyoruz.\u00a0<\/p>\n\n\n\n<p>T\u00fcrkiye\u2019de 19 Mart 2025\u2019te \u0130stanbul B\u00fcy\u00fck\u015fehir Belediye Ba\u015fkan\u0131 Ekrem \u0130mamo\u011flu\u2019nun g\u00f6zalt\u0131na al\u0131nmas\u0131yla birlikte, \u00fclke genelinde ifade \u00f6zg\u00fcrl\u00fc\u011f\u00fc ve bar\u0131\u015f\u00e7\u0131l toplanma hakk\u0131 kapsam\u0131nda&nbsp;Bahar Direni\u015fleri&nbsp;ba\u015flam\u0131\u015f; geli\u015fmeler kamuoyunda geni\u015f tepkiye yol a\u00e7m\u0131\u015ft\u0131r. \u0130\u00e7i\u015fleri Bakanl\u0131\u011f\u0131 ise 19\u201323 Mart tarihleri aras\u0131nda ger\u00e7ekle\u015fen eylemlerle ba\u011flant\u0131l\u0131 olarak toplam 1.133 ki\u015finin g\u00f6zalt\u0131na al\u0131nd\u0131\u011f\u0131n\u0131 a\u00e7\u0131klam\u0131\u015ft\u0131r.<\/p>\n\n\n\n<p>Bu atmosferde \u0130zmir Valili\u011fi,&nbsp;<strong>21.03.2025 saat 10.00\u2019dan 25.03.2025 saat 23.59\u2019a kadar<\/strong>&nbsp;\u201cil genelinde\u201d&nbsp;<strong>her t\u00fcrl\u00fc toplant\u0131, g\u00f6steri y\u00fcr\u00fcy\u00fc\u015f\u00fc ve bas\u0131n a\u00e7\u0131klamas\u0131n\u0131<\/strong>&nbsp;yasaklad\u0131\u011f\u0131n\u0131 bas\u0131n duyurusuyla ilan etmi\u015f, ard\u0131ndan yasa\u011f\u0131&nbsp;be\u015f g\u00fcn daha&nbsp;uzatm\u0131\u015ft\u0131r. Bu yasak, yaln\u0131zca belirli bir etkinli\u011fi de\u011fil;&nbsp;<strong>D\u00fcnya Su G\u00fcn\u00fc kapsam\u0131nda yap\u0131lacak fark\u0131ndal\u0131k \u00e7al\u0131\u015fmalar\u0131<\/strong>&nbsp;gibi tamamen bar\u0131\u015f\u00e7\u0131l \u00e7evre etkinliklerini, imza kampanyalar\u0131n\u0131 ve demokratik protesto hakk\u0131n\u0131 da fiilen ortadan kald\u0131rm\u0131\u015ft\u0131r.&nbsp;<\/p>\n\n\n\n<p>Yurtta\u015flar ve&nbsp;EGE\u00c7EP Derne\u011fi&nbsp;olarak&nbsp;a\u00e7t\u0131\u011f\u0131m\u0131z davada&nbsp;<strong>\u0130zmir 6. \u0130dare Mahkemesi<\/strong>, Valili\u011fin bu \u201ctoptan yasak\u201d i\u015flemini&nbsp;<strong>iptal etmi\u015ftir<\/strong>.&nbsp;<\/p>\n\n\n\n<p>Mahkeme karar\u0131nda \u00f6zetle;<\/p>\n\n\n\n<p>\u2022&nbsp;Valili\u011fin dayanak g\u00f6sterdi\u011fi&nbsp;<strong>5442 say\u0131l\u0131 \u0130l \u0130daresi Kanunu m.11\/C<\/strong>&nbsp;h\u00fckm\u00fcn\u00fcn,&nbsp;<strong>il genelini kapsayan<\/strong>&nbsp;ve t\u00fcm toplant\u0131lar\u0131 hedefleyen bir yasak i\u00e7in dayanak olamayaca\u011f\u0131n\u0131, bu h\u00fckm\u00fcn \u201cyer-zaman-ki\u015fi\u201d bak\u0131m\u0131ndan s\u0131n\u0131rlar\u0131 olan \u00f6nlemler \u00f6ng\u00f6rd\u00fc\u011f\u00fcn\u00fc,&nbsp;<\/p>\n\n\n\n<p>\u2022&nbsp;<strong>2911 say\u0131l\u0131 Kanun<\/strong>&nbsp;bak\u0131m\u0131ndan da yasaklama yetkisinin&nbsp;<strong>belirli toplant\u0131<\/strong>&nbsp;veya&nbsp;<strong>ilin bir\/birka\u00e7 il\u00e7esi<\/strong>&nbsp;ile s\u0131n\u0131rl\u0131 yorumlanmas\u0131 gerekti\u011fini; buna kar\u015f\u0131n \u0130zmir Valili\u011fi\u2019nin&nbsp;<strong>ilin tamam\u0131nda, belirli olmayan b\u00fct\u00fcn toplant\u0131lar y\u00f6n\u00fcnden<\/strong>&nbsp;yasak getirdi\u011fini ve bu nedenle&nbsp;<strong>kanunilik \u015fart\u0131n\u0131n kar\u015f\u0131lanmad\u0131\u011f\u0131n\u0131<\/strong>&nbsp;a\u00e7\u0131k\u00e7a ortaya koymu\u015ftur.&nbsp;<\/p>\n\n\n\n<p><br>Mahkeme ayr\u0131ca benzer bir uyu\u015fmazl\u0131kta Anayasa Mahkemesi\u2019nin&nbsp;<strong>Aklime Hanas Ve Di\u011ferleri Ba\u015fvurusu Karar\u0131\u2019na<\/strong>&nbsp;da at\u0131f yaparak, bar\u0131\u015f\u00e7\u0131l toplanma hakk\u0131n\u0131n \u201cgenel ve soyut gerek\u00e7elerle\u201d ask\u0131ya al\u0131namayaca\u011f\u0131n\u0131 hat\u0131rlatm\u0131\u015ft\u0131r.&nbsp;<\/p>\n\n\n\n<p>Bu karar neden \u00f6nemlidir?<\/p>\n\n\n\n<p>1.\u00a0<strong>Toplant\u0131 ve g\u00f6steri y\u00fcr\u00fcy\u00fc\u015f\u00fc hakk\u0131n\u0131n \u201cil genelinde toptan\u201d yasaklanamayaca\u011f\u0131<\/strong> yarg\u0131 karar\u0131yla netle\u015fmi\u015ftir. Bu, demokratik toplum d\u00fczeninin asgari g\u00fcvencelerinden biridir.\u00a0<\/p>\n\n\n\n<p>2.\u00a0\u00c7evre m\u00fccadelesi de d\u00e2hil olmak \u00fczere sivil toplumun bar\u0131\u015f\u00e7\u0131l etkinlikleri \u201csoyut provokasyon\u201d iddialar\u0131yla durdurulamaz. Yasaklar,\u00a0<strong>gerek\u00e7eli, \u00f6l\u00e7\u00fcl\u00fc ve hedefi belirli<\/strong> olmak zorundad\u0131r.<\/p>\n\n\n\n<p>3.&nbsp;\u201cEtkisi t\u00fckenecek i\u015flem\u201d niteli\u011findeki yasaklar uygulan\u0131rken do\u011fan zararlar telafisi g\u00fc\u00e7 sonu\u00e7lar yarat\u0131r: Nitekim yasak d\u00f6neminde \u0130zmir\u2019de \u00e7ok say\u0131da yurtta\u015f ve avukat g\u00f6zalt\u0131na al\u0131nm\u0131\u015f, \u0130zmir Barosu da g\u00f6zalt\u0131lara ili\u015fkin a\u00e7\u0131klamalar yapmak zorunda kalm\u0131\u015ft\u0131r.<\/p>\n\n\n\n<p>EGE\u00c7EP olarak bu karar\u0131n, yaln\u0131zca bir davan\u0131n sonucu de\u011fil;&nbsp;<strong>\u0130zmir\u2019de ve T\u00fcrkiye\u2019de temel haklar bak\u0131m\u0131ndan bir \u201chukuki e\u015fik\u201d<\/strong>&nbsp;oldu\u011funu vurguluyoruz. 20. y\u0131l\u0131m\u0131zda bir kez daha alt\u0131n\u0131 \u00e7iziyoruz:&nbsp;<strong>Do\u011fay\u0131 savunmak, ya\u015fam\u0131 savunmakt\u0131r; ya\u015fam\u0131 savunmak ise s\u00f6z s\u00f6yleme ve bar\u0131\u015f\u00e7\u0131l bi\u00e7imde bir araya gelme hakk\u0131n\u0131 savunmay\u0131 da i\u00e7erir.<\/strong><\/p>\n\n\n\n<p>Kamuoyuna sayg\u0131yla duyururuz.<\/p>\n\n\n\n<p><strong>EGE\u00c7EP (Ege \u00c7evre ve K\u00fclt\u00fcr Platformu) Derne\u011fi<\/strong><br>\u0130leti\u015fim: egecepsozcu@gmail.com | egecep.org.tr&nbsp;<a href=\"https:\/\/egecep.org.tr\/?utm_source=chatgpt.com\">egecep.org.tr<\/a><\/p>\n\n\n\n<p><a>1<\/a><\/p>\n\n\n\n<div data-wp-interactive=\"core\/file\" class=\"wp-block-file\"><object data-wp-bind--hidden=\"!state.hasPdfPreview\" hidden class=\"wp-block-file__embed\" data=\"https:\/\/egecep.org.tr\/wp-content\/uploads\/2025\/12\/Izmir-Valiligi-yasagi-iptal-karari_Redaksiyon.pdf\" type=\"application\/pdf\" style=\"width:100%;height:600px\" aria-label=\"I\u0307zmir Valilig\u0306i yasag\u0306\u0131 iptal karar\u0131_Redaksiyon g\u00f6m\u00fcs\u00fc.\"><\/object><a id=\"wp-block-file--media-857693a3-8ead-4d23-89c6-766dce62875d\" href=\"https:\/\/egecep.org.tr\/wp-content\/uploads\/2025\/12\/Izmir-Valiligi-yasagi-iptal-karari_Redaksiyon.pdf\">I\u0307zmir Valilig\u0306i yasag\u0306\u0131 iptal karar\u0131_Redaksiyon<\/a><a href=\"https:\/\/egecep.org.tr\/wp-content\/uploads\/2025\/12\/Izmir-Valiligi-yasagi-iptal-karari_Redaksiyon.pdf\" class=\"wp-block-file__button wp-element-button\" download aria-describedby=\"wp-block-file--media-857693a3-8ead-4d23-89c6-766dce62875d\">\u0130ndir<\/a><\/div>\n","protected":false},"excerpt":{"rendered":"<p>EGE\u00c7EP 19 Mart s\u00fcrecinde \u0130zmir Valili\u011fi taraf\u0131ndan il genelinde ilan edilen ve t\u00fcm toplant\u0131, g\u00f6steri y\u00fcr\u00fcy\u00fc\u015f\u00fc ile bas\u0131n a\u00e7\u0131klamalar\u0131n\u0131 kapsayan \u201ctoptan eylem yasa\u011f\u0131n\u0131\u201d mahkeme karar\u0131yla iptal ettirdi.<\/p>\n","protected":false},"author":1,"featured_media":717,"comment_status":"open","ping_status":"open","sticky":false,"template":"","format":"standard","meta":{"colormag_page_container_layout":"default_layout","colormag_page_sidebar_layout":"default_layout","footnotes":""},"categories":[3],"tags":[],"class_list":["post-715","post","type-post","status-publish","format-standard","has-post-thumbnail","hentry","category-basin-aciklamalari"],"_links":{"self":[{"href":"https:\/\/egecep.org.tr\/index.php\/wp-json\/wp\/v2\/posts\/715","targetHints":{"allow":["GET"]}}],"collection":[{"href":"https:\/\/egecep.org.tr\/index.php\/wp-json\/wp\/v2\/posts"}],"about":[{"href":"https:\/\/egecep.org.tr\/index.php\/wp-json\/wp\/v2\/types\/post"}],"author":[{"embeddable":true,"href":"https:\/\/egecep.org.tr\/index.php\/wp-json\/wp\/v2\/users\/1"}],"replies":[{"embeddable":true,"href":"https:\/\/egecep.org.tr\/index.php\/wp-json\/wp\/v2\/comments?post=715"}],"version-history":[{"count":4,"href":"https:\/\/egecep.org.tr\/index.php\/wp-json\/wp\/v2\/posts\/715\/revisions"}],"predecessor-version":[{"id":723,"href":"https:\/\/egecep.org.tr\/index.php\/wp-json\/wp\/v2\/posts\/715\/revisions\/723"}],"wp:featuredmedia":[{"embeddable":true,"href":"https:\/\/egecep.org.tr\/index.php\/wp-json\/wp\/v2\/media\/717"}],"wp:attachment":[{"href":"https:\/\/egecep.org.tr\/index.php\/wp-json\/wp\/v2\/media?parent=715"}],"wp:term":[{"taxonomy":"category","embeddable":true,"href":"https:\/\/egecep.org.tr\/index.php\/wp-json\/wp\/v2\/categories?post=715"},{"taxonomy":"post_tag","embeddable":true,"href":"https:\/\/egecep.org.tr\/index.php\/wp-json\/wp\/v2\/tags?post=715"}],"curies":[{"name":"wp","href":"https:\/\/api.w.org\/{rel}","templated":true}]}}