{"id":781,"date":"2026-03-15T14:21:52","date_gmt":"2026-03-15T14:21:52","guid":{"rendered":"https:\/\/egecep.org.tr\/?p=781"},"modified":"2026-03-15T14:21:54","modified_gmt":"2026-03-15T14:21:54","slug":"izmirde-halklarin-iklim-zirvesi-hazirliklarina-basladik-hiz-ege-bolge-meclisi-kuruldu","status":"publish","type":"post","link":"https:\/\/egecep.org.tr\/index.php\/2026\/03\/15\/izmirde-halklarin-iklim-zirvesi-hazirliklarina-basladik-hiz-ege-bolge-meclisi-kuruldu\/","title":{"rendered":"\u0130zmir&#8217;de Halklar\u0131n \u0130klim Zirvesi haz\u0131rl\u0131klar\u0131na ba\u015flad\u0131k: H\u0130Z Ege B\u00f6lge Meclisi kuruldu!"},"content":{"rendered":"\n<p>EGE\u00c7EP olarak, 9-21 Kas\u0131m tarihlerinde Antalya\u2019da d\u00fczenlenecek olan Birle\u015fmi\u015f Milletler \u0130klim De\u011fi\u015fikli\u011fi Taraflar Konferans\u0131\u2019na (COP31) alternatif olarak d\u00fczenlenecek olan Halklar\u0131n \u0130klim Zirvesi (H\u0130Z) haz\u0131rl\u0131klar\u0131 i\u00e7in \u0130zmir\u2019de \u00e7al\u0131\u015fmalar\u0131 ba\u015flatt\u0131k. EGE\u00c7EP E\u015f S\u00f6zc\u00fcleri Seher Gacar ve S\u00fcleyman Ery\u0131lmaz moderat\u00f6rl\u00fc\u011f\u00fcnde, H\u0130Z T\u00fcrkiye Koordinasyonu \u00dcyesi ve Topra\u011f\u0131m\u0131z\u0131 Vermiyoruz Kampanyas\u0131 Aktivisti Ecehan Balta\u2019n\u0131n kat\u0131l\u0131m\u0131yla ger\u00e7ekle\u015fen \u201cCOP31 Antalya\u2019ya Do\u011fru: Nas\u0131l Haz\u0131rlanmal\u0131y\u0131z?\u201d ba\u015fl\u0131kl\u0131 s\u00f6yle\u015fimiz, \u0130zmir\u2019deki sivil toplum kurulu\u015flar\u0131n\u0131n yo\u011fun kat\u0131l\u0131m\u0131 ile ger\u00e7ekle\u015fti.<\/p>\n\n\n\n<p>EGE\u00c7EP olarak, T\u00fcrkiye\u2019nin bir yandan iklim krizine kar\u015f\u0131 h\u00fck\u00fcmetlerin planlar\u0131n\u0131 belirleyece\u011fi COP31\u2019e ev sahipli\u011fi yaparken bir yandan Milas ba\u015fta olmak \u00fczere \u00fclkenin d\u00f6rt bir yan\u0131nda maden ve enerji \u015firketlerinin lehine verilen acele kamula\u015ft\u0131rma kararlar\u0131 ile k\u00f6yl\u00fclerin yerinden yurdundan edilmeye \u00e7al\u0131\u015f\u0131lmas\u0131n\u0131 kabul etmiyor, bunun b\u00fcy\u00fck bir ikiy\u00fczl\u00fcl\u00fck oldu\u011funu bir kez daha ifade etmek istiyoruz. Bu ikiy\u00fczl\u00fcl\u00fc\u011f\u00fc if\u015fa edece\u011fiz!<\/p>\n\n\n\n<p>&nbsp;Bug\u00fcnden itibaren COP31 \u0130zmir\u2019de ba\u015flam\u0131\u015ft\u0131r! Antalya\u2019daki Halklar\u0131n \u0130klim Zirvesi i\u00e7in yerellerde m\u00fccadeleyi \u00f6rmek ad\u0131na daha ilk g\u00fcnden bir\u00e7ok kat\u0131l\u0131mc\u0131yla ortak bir karar\u0131n ard\u0131ndan H\u0130Z Ege B\u00f6lge Meclisi\u2019ni kurduk. Mahallesinden, k\u00f6y\u00fcnden, kentinden; topra\u011f\u0131, suyu, a\u011fac\u0131, orman\u0131, tarlas\u0131n\u0131, ta\u015f\u0131n\u0131 k\u00e2r h\u0131rs\u0131yla g\u00f6z\u00fc d\u00f6nm\u00fc\u015f \u015firketlere ve onlar\u0131n s\u0131rt\u0131n\u0131 s\u0131vazlayan h\u00fck\u00fcmetlere b\u0131rakmak istemeyenleri bu m\u00fccadelenin par\u00e7as\u0131 olmaya, bulundu\u011fu her yerden bu Meclis\u2019e kat\u0131lamaya \u00e7a\u011f\u0131r\u0131yoruz!<\/p>\n\n\n\n<h4 class=\"wp-block-heading\"><strong>Mesele sadece iklim krizi de\u011fil!<\/strong><\/h4>\n\n\n\n<p>S\u00f6yle\u015fimizde H\u0130Z T\u00fcrkiye Koordinasyonu \u00dcyesi ve Topra\u011f\u0131m\u0131z\u0131 Vermiyoruz Kampanyas\u0131 Aktivisti Ecehan Balta daha \u00f6nce d\u00fczenlenen COP\u2019lar ve H\u0130Z\u2019ler hakk\u0131nda de\u011ferli bilgiler verdi. Halklar\u0131n \u0130klim Zirveleri\u2019nin COP\u2019lara y\u00f6nelik neden ele\u015ftirel bakt\u0131\u011f\u0131n\u0131n alt\u0131n\u0131 bir kez daha \u00e7izen Ecehan Balta, COP\u2019larda d\u00fcnya \u00fczerinde ya\u015fanan krizleri sadece iklim krizine indirgendi\u011fini ancak krizin bundan daha b\u00fcy\u00fck bir mesele olarak ele al\u0131nmas\u0131 gerekti\u011fini vurgulad\u0131. \u201cEkolojik krizin \u00e7ok daha kapsaml\u0131 ve sonu\u00e7lar\u0131n\u0131n da t\u00fcm t\u00fcrler a\u00e7\u0131s\u0131nda \u00e7ok daha yak\u0131c\u0131 oldu\u011funu biliyoruz\u201d diyen Balta, \u201cBirle\u015fmi\u015f Milletler iklim krizi dedi\u011finde biz ekolojik kriz anl\u0131yoruz\u201d dedi. Stockholm Dayan\u0131kl\u0131l\u0131k Merkezi\u2019nin D\u00fcnya&#8217;n\u0131n istikrar\u0131n\u0131 ve dayan\u0131kl\u0131l\u0131\u011f\u0131n\u0131 d\u00fczenleyen dokuz kritik k\u00fcresel s\u00fcre\u00e7 \u00fczerinde insan bask\u0131s\u0131ndan kaynakl\u0131 artan riskleri vurgulayan Gezegen E\u015fikleri\u2019ne dikkat \u00e7eken Balta, \u201c9 kritik e\u015fik tan\u0131mland\u0131 ve 2026 itibariyle 8 kritik e\u015fi\u011fi ge\u00e7ti\u011fimiz kaydedildi. Bu 9 maddeden yaln\u0131zca biri \u2018iklim de\u011fi\u015fikli\u011fi.\u2019 Dolay\u0131s\u0131yla meselemiz \u00e7ok boyutlu ve m\u00fccadelemiz de bu \u015fekilde olmal\u0131\u201d dedi. Balta, COP\u2019lar\u0131n indirgemecili\u011fine kar\u015f\u0131 H\u0130Z\u2019lerin ekolojik krizde \u00e7ok boyutlu m\u00fccadele hatt\u0131n\u0131 \u00f6rmeye \u00e7al\u0131\u015ft\u0131\u011f\u0131n\u0131 ifade etti.<\/p>\n\n\n\n<h4 class=\"wp-block-heading\"><strong>\u201c\u0130ki dev d\u00fc\u015fman!\u201d<\/strong><\/h4>\n\n\n\n<p>Brezilya\u2019da ger\u00e7ekle\u015ftirilen COP30\u2019un da t\u0131pk\u0131 di\u011fer COP\u2019lar gibi ekolojik krize kar\u015f\u0131 somut ad\u0131mlar atmaktan uzak oldu\u011funu ifade eden Balta, Belem\u2019de d\u00fczenlenen H\u0130Z\u2019de ise yerel halklar\u0131n, k\u00f6yl\u00fclerin, kad\u0131nlar\u0131n, yoksullar\u0131n ve t\u00fcm \u201c\u00f6tekilerin\u201d ekolojik krize kar\u015f\u0131 somut ad\u0131mlar\u0131n neler olabilece\u011fine dair tart\u0131\u015fmalar\u0131n derinlemesine yap\u0131ld\u0131\u011f\u0131n\u0131 hat\u0131rlatt\u0131. Fosil yak\u0131tlar ve end\u00fcstriyel tar\u0131m\u0131n ekolojik krizi yaratan temel iki akt\u00f6r oldu\u011funun alt\u0131n\u0131 \u00e7izen Balta, \u201cFosil yak\u0131tlar ve end\u00fcstriyel tar\u0131m d\u00fcnya \u00fczerindeki t\u00fcm varl\u0131klar\u0131n var olmalar\u0131na kar\u015f\u0131 en b\u00fcy\u00fck iki d\u00fc\u015fman\u201d ifadelerini kulland\u0131. Ortado\u011fu ba\u015fta olmak \u00fczere d\u00fcnya siyasetinde son ya\u015fananlar\u0131n fosil yak\u0131t end\u00fcstrisinin ne denli y\u0131k\u0131c\u0131 bir end\u00fcstri oldu\u011funu bir kez daha ortaya \u00e7\u0131kard\u0131\u011f\u0131n\u0131 vurgulayan Balta, \u201cPeki fosil yak\u0131ttan \u00e7\u0131kal\u0131m talebinin ard\u0131ndan ne s\u00f6ylememiz gerekiyor. Belem\u2019de H\u0130Z Deklarasyonu bu tart\u0131\u015fmaya \u2018enerji demokrasisi\u2019 ile cevap veriyor\u201d dedi. Balta, enerji demokrasisinin; kamusal bir enerji planlamas\u0131n\u0131, ihtiya\u00e7 kadar \u00fcretilmesini, enerji kaynaklar\u0131n\u0131n hi\u00e7bir t\u00fcre zarar vermeyecek \u015fekilde \u00e7\u0131kart\u0131lmas\u0131n\u0131 ve kullan\u0131lmas\u0131n\u0131, metalar\u0131n a\u015f\u0131r\u0131 \u00fcretimi i\u00e7in enerji kullan\u0131m\u0131ndan ka\u00e7\u0131n\u0131lmas\u0131n\u0131 i\u00e7erdi\u011fini vurgulad\u0131. Belem\u2019de end\u00fcstriyel tar\u0131ma kar\u015f\u0131 ise g\u0131da egemenli\u011finin vurguland\u0131\u011f\u0131n\u0131 belirten Balta, \u201cDolay\u0131s\u0131yla Belem H\u0130Z\u2019de ekolojik krizi durdurmak i\u00e7in iki temel d\u00fc\u015fmana kar\u015f\u0131 ilk kez bu kadar net bir yan\u0131t verildi\u201d dedi.<\/p>\n\n\n\n<h4 class=\"wp-block-heading\"><strong>Antalya\u2019ya do\u011fru: Ne yapaca\u011f\u0131z?<\/strong><\/h4>\n\n\n\n<p>T\u00fcrkiye\u2019de ba\u015flayan H\u0130Z \u00e7al\u0131\u015fmalar\u0131 hakk\u0131nda da bilgi veren Balta, \u201c\u015eu anda T\u00fcrkiye\u2019nin H\u0130Z \u00e7al\u0131\u015fmalar\u0131nda ekoloji, kad\u0131n, insan haklar\u0131 \u00f6rg\u00fctlerinden ve sendikalardan olu\u015fan 110 kurulu\u015f var\u201d dedi. \u0130steyen herkesin H\u0130Z \u00e7al\u0131\u015fmalar\u0131na kat\u0131labilece\u011fini ve H\u0130Z Meclisi\u2019nde s\u00f6z\u00fcn\u00fc s\u00f6yleyebilece\u011fine vurgu yapan Balta, H\u0130Z \u00e7al\u0131\u015fmalar\u0131n\u0131n da herkese a\u00e7\u0131k oldu\u011funu hat\u0131rlatt\u0131. T\u00fcrkiye\u2019nin COP31\u2019de iki konu \u00fczerinde duraca\u011f\u0131na dikkat \u00e7eken Balta, \u201cBirincisi yenilenebilir enerjideki pay\u0131n\u0131 art\u0131rd\u0131\u011f\u0131 pazarlamas\u0131 yapacak. \u0130kincisi de s\u0131f\u0131r at\u0131k projesinin pazarlamas\u0131n\u0131 yapacak\u201d dedi. Yenilenebilir enerji sekt\u00f6r\u00fcn\u00fcn sertifika al\u0131m\u0131na indirgendi\u011fini belirten Balta, \u201c\u00d6yle bir sekt\u00f6r olu\u015ftu ki, \u00f6rne\u011fin \u00fcretti\u011fi bir bardakta 10 birim k\u00f6m\u00fcr kullan\u0131yor, gidiyor 10 birimlik yenilenebilir enerji sertifikas\u0131 al\u0131yor ve barda\u011f\u0131n \u00fczerine r\u00fczgarla \u00fcretilmi\u015ftir yazabiliyor. Ye\u015fil boyama dedi\u011fimiz durum bu kadar ger\u00e7ek\u201d ifadelerini kulland\u0131. S\u0131f\u0131r at\u0131k stratejisinin ise m\u00fcmk\u00fcn olmad\u0131\u011f\u0131n\u0131 vurgulayan Balta, \u201cT\u00fcrkiye\u2019de s\u0131f\u0131r at\u0131k plan\u0131 kapsam\u0131nda tek kullan\u0131ml\u0131k plastiklerin yasaklanmas\u0131 \u00e7al\u0131\u015fmalar\u0131 var. Bu iyi bir \u015fey. Ancak T\u00fcrkiye s\u00fcrekli olarak Avrupa\u2019dan plastik at\u0131klar\u0131n ve kimyasal at\u0131k i\u00e7eren plastik at\u0131klar\u0131n da dahil oldu\u011fu \u00e7\u00f6p ithal ediyor. Bu kimyasal at\u0131k i\u00e7eren plastikler bu \u00fclkede hunharca yak\u0131l\u0131yor. S\u0131f\u0131r at\u0131k diyorlarsa \u00f6nce Avrupa\u2019dan \u00e7\u00f6p ithalini durdursunlar\u201d dedi. T\u00fcm bunlar\u0131n kar\u015f\u0131s\u0131nda H\u0130Z\u2019in g\u0131da egemenli\u011fi ve enerji demokrasisi talebini y\u00fckseltilece\u011fini vurgulayan Balta, \u201cKarbon sal\u0131mlar\u0131 ve ekolojik kriz s\u0131n\u0131r tan\u0131m\u0131yorsa biz de s\u0131n\u0131r tan\u0131m\u0131yoruz ve d\u00fcnyan\u0131n t\u00fcm halklar\u0131yla birlikte 14-18 Kas\u0131m\u2019da Antalya\u2019da bulu\u015faca\u011f\u0131z. Ancak \u00f6ncesinde bulundu\u011fumuz her yerde H\u0130Z yerel meclislerini kuraca\u011f\u0131z\u201d ifadelerini kulland\u0131.<\/p>\n\n\n\n<h4 class=\"wp-block-heading\"><strong>H\u0130Z Ege B\u00f6lge Meclisi kuruldu!<\/strong><\/h4>\n\n\n\n<p>Balta\u2019n\u0131n ard\u0131ndan \u00e7ok say\u0131da kat\u0131l\u0131mc\u0131 da s\u00f6z alarak bir yandan \u00f6nerilerini s\u0131ralad\u0131 bir yandan da yerel meclislere kat\u0131lmak istediklerini beyan etti. EGE\u00c7EP olarak s\u00f6yle\u015fiden H\u0130Z Ege B\u00f6lge Meclisi\u2019ni kurarak ayr\u0131ld\u0131\u011f\u0131m\u0131z\u0131 ve t\u00fcm yerellerde \u00e7al\u0131\u015fmalar\u0131 h\u0131zla ba\u015flat\u0131laca\u011f\u0131n\u0131z\u0131 duyururuz. K\u00f6yl\u00fcler ba\u015fta olmak \u00fczere hem insanlar\u0131n hem insan olmayan t\u00fcm varl\u0131klar\u0131n ya\u015fam alan\u0131na g\u00f6z koyan; ya\u011fmac\u0131, talanc\u0131, s\u00f6m\u00fcr\u00fcc\u00fc, harfiyat\u00e7\u0131 bir anlay\u0131\u015fla m\u00fccadele etti\u011fimizi biliyoruz! 20 y\u0131ld\u0131r oldu\u011fu gibi m\u00fccadeleden vazge\u00e7memeye de kararl\u0131y\u0131z! Yaln\u0131z de\u011filiz! \u00dclkenin d\u00f6rt bir yan\u0131nda H\u0130Z \u00e7al\u0131\u015fmalar\u0131 devam ederken d\u00fcnya halklar\u0131 da bizimle bu \u00e7al\u0131\u015fmalara kafa yoruyor! \u00c7\u00fcnk\u00fc, \u201cEkolojik kriz s\u0131n\u0131rlar\u0131 a\u015f\u0131yorsa biz de s\u0131n\u0131rlar\u0131 a\u015f\u0131yoruz\u201d ve t\u00fcm d\u00fcnya halklar\u0131yla birlikte ya\u015fam alanlar\u0131m\u0131z\u0131 bir avu\u00e7 zengine b\u0131rakmayaca\u011f\u0131m\u0131z\u0131 bir kez daha hayk\u0131r\u0131yoruz!<\/p>\n","protected":false},"excerpt":{"rendered":"<p>EGE\u00c7EP olarak, 9-21 Kas\u0131m tarihlerinde Antalya\u2019da d\u00fczenlenecek olan Birle\u015fmi\u015f Milletler \u0130klim De\u011fi\u015fikli\u011fi Taraflar Konferans\u0131\u2019na (COP31) alternatif olarak d\u00fczenlenecek olan Halklar\u0131n \u0130klim Zirvesi (H\u0130Z) haz\u0131rl\u0131klar\u0131 i\u00e7in \u0130zmir\u2019de \u00e7al\u0131\u015fmalar\u0131 ba\u015flatt\u0131k. <\/p>\n","protected":false},"author":1,"featured_media":783,"comment_status":"open","ping_status":"open","sticky":false,"template":"","format":"standard","meta":{"colormag_page_container_layout":"default_layout","colormag_page_sidebar_layout":"default_layout","footnotes":""},"categories":[3],"tags":[110,111,112,113],"class_list":["post-781","post","type-post","status-publish","format-standard","has-post-thumbnail","hentry","category-basin-aciklamalari","tag-cop31","tag-halklarin-iklim-zirvesi","tag-hiz","tag-iklim-krizi"],"_links":{"self":[{"href":"https:\/\/egecep.org.tr\/index.php\/wp-json\/wp\/v2\/posts\/781","targetHints":{"allow":["GET"]}}],"collection":[{"href":"https:\/\/egecep.org.tr\/index.php\/wp-json\/wp\/v2\/posts"}],"about":[{"href":"https:\/\/egecep.org.tr\/index.php\/wp-json\/wp\/v2\/types\/post"}],"author":[{"embeddable":true,"href":"https:\/\/egecep.org.tr\/index.php\/wp-json\/wp\/v2\/users\/1"}],"replies":[{"embeddable":true,"href":"https:\/\/egecep.org.tr\/index.php\/wp-json\/wp\/v2\/comments?post=781"}],"version-history":[{"count":1,"href":"https:\/\/egecep.org.tr\/index.php\/wp-json\/wp\/v2\/posts\/781\/revisions"}],"predecessor-version":[{"id":784,"href":"https:\/\/egecep.org.tr\/index.php\/wp-json\/wp\/v2\/posts\/781\/revisions\/784"}],"wp:featuredmedia":[{"embeddable":true,"href":"https:\/\/egecep.org.tr\/index.php\/wp-json\/wp\/v2\/media\/783"}],"wp:attachment":[{"href":"https:\/\/egecep.org.tr\/index.php\/wp-json\/wp\/v2\/media?parent=781"}],"wp:term":[{"taxonomy":"category","embeddable":true,"href":"https:\/\/egecep.org.tr\/index.php\/wp-json\/wp\/v2\/categories?post=781"},{"taxonomy":"post_tag","embeddable":true,"href":"https:\/\/egecep.org.tr\/index.php\/wp-json\/wp\/v2\/tags?post=781"}],"curies":[{"name":"wp","href":"https:\/\/api.w.org\/{rel}","templated":true}]}}